{"id":90220,"date":"2017-10-20T16:48:25","date_gmt":"2017-10-20T14:48:25","guid":{"rendered":"https:\/\/luxm2.com\/llafranc\/"},"modified":"2021-04-12T17:32:19","modified_gmt":"2021-04-12T15:32:19","slug":"2017-10-20-llafranc-une-ville-de-la-costa-brava","status":"publish","type":"post","link":"https:\/\/luxm2.com\/fr\/2017-10-20-llafranc-une-ville-de-la-costa-brava\/","title":{"rendered":"Llafranc &#8211; une ville de la Costa Brava"},"content":{"rendered":"<p>Aujourd&rsquo;hui, nous aimerions vous inviter \u00e0 faire une promenade le long de la plage et des sentiers p\u00e9destres le long du bord de mer dans la ville de Llafranc. Avec les villes voisines de Calella de Palafrugell et Tamariu, Llafranc fait partie du littoral de la municipalit\u00e9 de Palafrugell. Heureusement, Llafranc a pu maintenir ce charme antique insaisissable qui \u00e9tait inh\u00e9rent aux villages de p\u00eacheurs typiques de la Costa Brava jusqu&rsquo;au moment o\u00f9 le tourisme de masse est arriv\u00e9, balayant impitoyablement la saveur locale et les traditions s\u00e9culaires sur son chemin.<br \/>\nEn fait &#8211; rien d&rsquo;inhabituel, le paysage typique de cette magnifique c\u00f4te m\u00e9diterran\u00e9enne: une petite ville, une belle plage de sable aux eaux couleur \u00e9meraude, encadr\u00e9e par des rivages rocheux envahis de pins; air d&rsquo;une puret\u00e9 insupportable &#8211; un v\u00e9ritable d\u00e9fi pour les citadins&#x1f642;.<\/p>\n<p>Nous vous invitons \u00e0 faire une visite virtuelle de Llafranc.<\/p>\n<p><!--more--><\/p>\n<p style=\"text-align: center;\"><a href=\"https:\/\/luxm2.com\/wp-content\/uploads\/2021\/04\/2017-10-20-llafranc_0002.jpg\" target=\"_blank\" rel=\"noopener\"><img decoding=\"async\" class=\"aligncenter wp-image-90160 size-large\" src=\"https:\/\/luxm2.com\/wp-content\/uploads\/2021\/04\/2017-10-20-llafranc_0002-1024x683.jpg\" alt=\"\u041b\u044c\u044f\u0444\u0440\u0430\u043d\u043a (Llafranc)\" width=\"1024\" height=\"683\" srcset=\"https:\/\/luxm2.com\/wp-content\/uploads\/2021\/04\/2017-10-20-llafranc_0002-1024x683.jpg 1024w, https:\/\/luxm2.com\/wp-content\/uploads\/2021\/04\/2017-10-20-llafranc_0002-300x200.jpg 300w, https:\/\/luxm2.com\/wp-content\/uploads\/2021\/04\/2017-10-20-llafranc_0002-768x512.jpg 768w, https:\/\/luxm2.com\/wp-content\/uploads\/2021\/04\/2017-10-20-llafranc_0002-1536x1024.jpg 1536w, https:\/\/luxm2.com\/wp-content\/uploads\/2021\/04\/2017-10-20-llafranc_0002.jpg 1600w\" sizes=\"(max-width: 1024px) 100vw, 1024px\" \/><\/a>Il y a toujours de nombreux bateaux et yachts de toutes tailles lors d&rsquo;une belle journ\u00e9e dans la baie de Llafranc.<br \/>\n***<\/p>\n<p style=\"text-align: center;\"><a href=\"https:\/\/luxm2.com\/wp-content\/uploads\/2021\/04\/2017-10-20-llafranc_0003.jpg\" target=\"_blank\" rel=\"noopener\"><img decoding=\"async\" class=\"aligncenter wp-image-90165 size-large\" src=\"https:\/\/luxm2.com\/wp-content\/uploads\/2021\/04\/2017-10-20-llafranc_0003-1024x683.jpg\" alt=\"\u041b\u044c\u044f\u0444\u0440\u0430\u043d\u043a (Llafranc)\" width=\"1024\" height=\"683\" srcset=\"https:\/\/luxm2.com\/wp-content\/uploads\/2021\/04\/2017-10-20-llafranc_0003-1024x683.jpg 1024w, https:\/\/luxm2.com\/wp-content\/uploads\/2021\/04\/2017-10-20-llafranc_0003-300x200.jpg 300w, https:\/\/luxm2.com\/wp-content\/uploads\/2021\/04\/2017-10-20-llafranc_0003-768x512.jpg 768w, https:\/\/luxm2.com\/wp-content\/uploads\/2021\/04\/2017-10-20-llafranc_0003-1536x1024.jpg 1536w, https:\/\/luxm2.com\/wp-content\/uploads\/2021\/04\/2017-10-20-llafranc_0003.jpg 1600w\" sizes=\"(max-width: 1024px) 100vw, 1024px\" \/><\/a>Les vacanciers heureux qui en savent beaucoup sur les bonnes vacances \u00e0 la plage profitent de l&rsquo;\u00e9t\u00e9 indien sur la Costa Brava.<br \/>\n***<\/p>\n<p style=\"text-align: center;\"><a href=\"https:\/\/luxm2.com\/wp-content\/uploads\/2021\/04\/2017-10-20-llafranc_0004.jpg\" target=\"_blank\" rel=\"noopener\"><img decoding=\"async\" class=\"aligncenter wp-image-90170 size-large\" src=\"https:\/\/luxm2.com\/wp-content\/uploads\/2021\/04\/2017-10-20-llafranc_0004-1024x683.jpg\" alt=\"\u041b\u044c\u044f\u0444\u0440\u0430\u043d\u043a (Llafranc)\" width=\"1024\" height=\"683\" srcset=\"https:\/\/luxm2.com\/wp-content\/uploads\/2021\/04\/2017-10-20-llafranc_0004-1024x683.jpg 1024w, https:\/\/luxm2.com\/wp-content\/uploads\/2021\/04\/2017-10-20-llafranc_0004-300x200.jpg 300w, https:\/\/luxm2.com\/wp-content\/uploads\/2021\/04\/2017-10-20-llafranc_0004-768x512.jpg 768w, https:\/\/luxm2.com\/wp-content\/uploads\/2021\/04\/2017-10-20-llafranc_0004-1536x1024.jpg 1536w, https:\/\/luxm2.com\/wp-content\/uploads\/2021\/04\/2017-10-20-llafranc_0004.jpg 1600w\" sizes=\"(max-width: 1024px) 100vw, 1024px\" \/><\/a>Le littoral unique de la Costa Brava avec de magnifiques plages de sable dans de petites baies pittoresques ne peut \u00eatre confondu avec rien! C&rsquo;est pourquoi des vacanciers du monde entier viennent ici.<\/p>\n<h5 style=\"text-align: center;\"><strong>***<\/strong><\/h5>\n<p style=\"text-align: center;\"><a href=\"https:\/\/luxm2.com\/wp-content\/uploads\/2021\/04\/2017-10-20-llafranc_0005.jpg\" target=\"_blank\" rel=\"noopener\"><img decoding=\"async\" class=\"aligncenter wp-image-90175 size-large\" src=\"https:\/\/luxm2.com\/wp-content\/uploads\/2021\/04\/2017-10-20-llafranc_0005-1024x683.jpg\" alt=\"\u041b\u044c\u044f\u0444\u0440\u0430\u043d\u043a (Llafranc)\" width=\"1024\" height=\"683\" srcset=\"https:\/\/luxm2.com\/wp-content\/uploads\/2021\/04\/2017-10-20-llafranc_0005-1024x683.jpg 1024w, https:\/\/luxm2.com\/wp-content\/uploads\/2021\/04\/2017-10-20-llafranc_0005-300x200.jpg 300w, https:\/\/luxm2.com\/wp-content\/uploads\/2021\/04\/2017-10-20-llafranc_0005-768x512.jpg 768w, https:\/\/luxm2.com\/wp-content\/uploads\/2021\/04\/2017-10-20-llafranc_0005-1536x1024.jpg 1536w, https:\/\/luxm2.com\/wp-content\/uploads\/2021\/04\/2017-10-20-llafranc_0005.jpg 1600w\" sizes=\"(max-width: 1024px) 100vw, 1024px\" \/><\/a>Les bateaux de p\u00eache traditionnels catalans commencent \u00e0 \u00eatre soulev\u00e9s de l&rsquo;eau sur le sable de la plage pour l&rsquo;hiver.<br \/>\n***<\/p>\n<p style=\"text-align: center;\"><a href=\"https:\/\/luxm2.com\/wp-content\/uploads\/2021\/04\/2017-10-20-llafranc_0006.jpg\" target=\"_blank\" rel=\"noopener\"><img decoding=\"async\" class=\"aligncenter wp-image-90180 size-large\" src=\"https:\/\/luxm2.com\/wp-content\/uploads\/2021\/04\/2017-10-20-llafranc_0006-1024x683.jpg\" alt=\"\" width=\"1024\" height=\"683\" srcset=\"https:\/\/luxm2.com\/wp-content\/uploads\/2021\/04\/2017-10-20-llafranc_0006-1024x683.jpg 1024w, https:\/\/luxm2.com\/wp-content\/uploads\/2021\/04\/2017-10-20-llafranc_0006-300x200.jpg 300w, https:\/\/luxm2.com\/wp-content\/uploads\/2021\/04\/2017-10-20-llafranc_0006-768x512.jpg 768w, https:\/\/luxm2.com\/wp-content\/uploads\/2021\/04\/2017-10-20-llafranc_0006-1536x1024.jpg 1536w, https:\/\/luxm2.com\/wp-content\/uploads\/2021\/04\/2017-10-20-llafranc_0006.jpg 1600w\" sizes=\"(max-width: 1024px) 100vw, 1024px\" \/><\/a>Dans le coin gauche de la baie de Llafranc se trouve le petit club de yacht <a href=\"http:\/\/www.nauticllafranc.net\" target=\"_blank\" rel=\"noopener\">Club N\u00e0utic Llafranc<\/a>.<br \/>\n***<\/p>\n<p style=\"text-align: center;\"><a href=\"https:\/\/luxm2.com\/wp-content\/uploads\/2021\/04\/2017-10-20-llafranc_0007.jpg\" target=\"_blank\" rel=\"noopener\"><img decoding=\"async\" class=\"aligncenter wp-image-90185 size-large\" src=\"https:\/\/luxm2.com\/wp-content\/uploads\/2021\/04\/2017-10-20-llafranc_0007-1024x683.jpg\" alt=\"\" width=\"1024\" height=\"683\" srcset=\"https:\/\/luxm2.com\/wp-content\/uploads\/2021\/04\/2017-10-20-llafranc_0007-1024x683.jpg 1024w, https:\/\/luxm2.com\/wp-content\/uploads\/2021\/04\/2017-10-20-llafranc_0007-300x200.jpg 300w, https:\/\/luxm2.com\/wp-content\/uploads\/2021\/04\/2017-10-20-llafranc_0007-768x512.jpg 768w, https:\/\/luxm2.com\/wp-content\/uploads\/2021\/04\/2017-10-20-llafranc_0007-1536x1024.jpg 1536w, https:\/\/luxm2.com\/wp-content\/uploads\/2021\/04\/2017-10-20-llafranc_0007.jpg 1600w\" sizes=\"(max-width: 1024px) 100vw, 1024px\" \/><\/a>Savez-vous ce qui manque sur cette photo? Votre yacht au mouillage!<br \/>\n***<\/p>\n<p style=\"text-align: center;\"><a href=\"https:\/\/luxm2.com\/wp-content\/uploads\/2021\/04\/2017-10-20-llafranc_0008.jpg\" target=\"_blank\" rel=\"noopener\"><img decoding=\"async\" class=\"aligncenter wp-image-90190 size-large\" src=\"https:\/\/luxm2.com\/wp-content\/uploads\/2021\/04\/2017-10-20-llafranc_0008-1024x683.jpg\" alt=\"\" width=\"1024\" height=\"683\" srcset=\"https:\/\/luxm2.com\/wp-content\/uploads\/2021\/04\/2017-10-20-llafranc_0008-1024x683.jpg 1024w, https:\/\/luxm2.com\/wp-content\/uploads\/2021\/04\/2017-10-20-llafranc_0008-300x200.jpg 300w, https:\/\/luxm2.com\/wp-content\/uploads\/2021\/04\/2017-10-20-llafranc_0008-768x512.jpg 768w, https:\/\/luxm2.com\/wp-content\/uploads\/2021\/04\/2017-10-20-llafranc_0008-1536x1024.jpg 1536w, https:\/\/luxm2.com\/wp-content\/uploads\/2021\/04\/2017-10-20-llafranc_0008.jpg 1600w\" sizes=\"(max-width: 1024px) 100vw, 1024px\" \/><\/a>Les vacanciers, satisfaits du voyage en voilier, retournent au Llafranc Yacht Club.<br \/>\n***<\/p>\n<p style=\"text-align: center;\"><a href=\"https:\/\/luxm2.com\/wp-content\/uploads\/2021\/04\/2017-10-20-llafranc_0009.jpg\" target=\"_blank\" rel=\"noopener\"><img decoding=\"async\" class=\"aligncenter wp-image-90195 size-large\" src=\"https:\/\/luxm2.com\/wp-content\/uploads\/2021\/04\/2017-10-20-llafranc_0009-1024x683.jpg\" alt=\"\" width=\"1024\" height=\"683\" srcset=\"https:\/\/luxm2.com\/wp-content\/uploads\/2021\/04\/2017-10-20-llafranc_0009-1024x683.jpg 1024w, https:\/\/luxm2.com\/wp-content\/uploads\/2021\/04\/2017-10-20-llafranc_0009-300x200.jpg 300w, https:\/\/luxm2.com\/wp-content\/uploads\/2021\/04\/2017-10-20-llafranc_0009-768x512.jpg 768w, https:\/\/luxm2.com\/wp-content\/uploads\/2021\/04\/2017-10-20-llafranc_0009-1536x1024.jpg 1536w, https:\/\/luxm2.com\/wp-content\/uploads\/2021\/04\/2017-10-20-llafranc_0009.jpg 1600w\" sizes=\"(max-width: 1024px) 100vw, 1024px\" \/><\/a>En montant les escaliers raides \u00e0 c\u00f4t\u00e9 du yacht club, vous pouvez obtenir une photo magnifique avec une vue sur Llafranc en r\u00e9compense.<br \/>\n***<\/p>\n<p style=\"text-align: center;\"><a href=\"https:\/\/luxm2.com\/wp-content\/uploads\/2021\/04\/2017-10-20-llafranc_0010.jpg\" target=\"_blank\" rel=\"noopener\"><img decoding=\"async\" class=\"aligncenter wp-image-90200 size-large\" src=\"https:\/\/luxm2.com\/wp-content\/uploads\/2021\/04\/2017-10-20-llafranc_0010-1024x683.jpg\" alt=\"\" width=\"1024\" height=\"683\" srcset=\"https:\/\/luxm2.com\/wp-content\/uploads\/2021\/04\/2017-10-20-llafranc_0010-1024x683.jpg 1024w, https:\/\/luxm2.com\/wp-content\/uploads\/2021\/04\/2017-10-20-llafranc_0010-300x200.jpg 300w, https:\/\/luxm2.com\/wp-content\/uploads\/2021\/04\/2017-10-20-llafranc_0010-768x512.jpg 768w, https:\/\/luxm2.com\/wp-content\/uploads\/2021\/04\/2017-10-20-llafranc_0010-1536x1024.jpg 1536w, https:\/\/luxm2.com\/wp-content\/uploads\/2021\/04\/2017-10-20-llafranc_0010.jpg 1600w\" sizes=\"(max-width: 1024px) 100vw, 1024px\" \/><\/a>De la rue au-dessus de la c\u00f4te escarp\u00e9e, vous pouvez prendre des photos tout aussi belles du yacht club et de la baie de Llafranc.<\/p>\n<h5 style=\"text-align: center;\"><strong>***<\/strong><\/h5>\n<p style=\"text-align: center;\"><a href=\"https:\/\/luxm2.com\/wp-content\/uploads\/2021\/04\/Restaurant-el-Far.jpg\" target=\"_blank\" rel=\"noopener\"><img decoding=\"async\" class=\"aligncenter wp-image-90210 size-large\" src=\"https:\/\/luxm2.com\/wp-content\/uploads\/2021\/04\/Restaurant-el-Far-1024x683.jpg\" alt=\"\" width=\"1024\" height=\"683\" srcset=\"https:\/\/luxm2.com\/wp-content\/uploads\/2021\/04\/Restaurant-el-Far-1024x683.jpg 1024w, https:\/\/luxm2.com\/wp-content\/uploads\/2021\/04\/Restaurant-el-Far-300x200.jpg 300w, https:\/\/luxm2.com\/wp-content\/uploads\/2021\/04\/Restaurant-el-Far-768x512.jpg 768w, https:\/\/luxm2.com\/wp-content\/uploads\/2021\/04\/Restaurant-el-Far-1536x1024.jpg 1536w, https:\/\/luxm2.com\/wp-content\/uploads\/2021\/04\/Restaurant-el-Far.jpg 1600w\" sizes=\"(max-width: 1024px) 100vw, 1024px\" \/><\/a>Si vous continuez votre promenade le long du bord de mer, vous atteindrez en 20 minutes environ un phare situ\u00e9 au sommet d&rsquo;une falaise \u00e0 175 m\u00e8tres d&rsquo;altitude. Voici \u00e9galement un magnifique <a href=\"https:\/\/www.hotelelfar.com\" target=\"_blank\" rel=\"noopener\">h\u00f4tel-restaurant El Far<\/a>, install\u00e9 dans une auberge restaur\u00e9e datant du 18\u00e8me si\u00e8cle. L&rsquo;h\u00f4tel-restaurant fait partie du complexe architectural de Sant Sebasti\u00e0 de la Guarda, qui comprend \u00e9galement une tour de guet du XVe si\u00e8cle. La terrasse du restaurant offre une vue inoubliable sur la mer et la c\u00f4te de la municipalit\u00e9 de Palafrugell.<br \/>\n(Photo prise sur <a href=\"https:\/\/www.hotelelfar.com\/en\/photos#\" target=\"_blank\" rel=\"noopener\">le site<\/a> de l&rsquo;h\u00f4tel-restaurant El Far).<br \/>\n***<\/p>\n<p style=\"text-align: center;\"><a href=\"https:\/\/luxm2.com\/wp-content\/uploads\/2021\/04\/2017-10-20-llafranc_0012.jpg\" target=\"_blank\" rel=\"noopener\"><img decoding=\"async\" class=\"aligncenter wp-image-90205 size-large\" src=\"https:\/\/luxm2.com\/wp-content\/uploads\/2021\/04\/2017-10-20-llafranc_0012-1024x683.jpg\" alt=\"\" width=\"1024\" height=\"683\" srcset=\"https:\/\/luxm2.com\/wp-content\/uploads\/2021\/04\/2017-10-20-llafranc_0012-1024x683.jpg 1024w, https:\/\/luxm2.com\/wp-content\/uploads\/2021\/04\/2017-10-20-llafranc_0012-300x200.jpg 300w, https:\/\/luxm2.com\/wp-content\/uploads\/2021\/04\/2017-10-20-llafranc_0012-768x512.jpg 768w, https:\/\/luxm2.com\/wp-content\/uploads\/2021\/04\/2017-10-20-llafranc_0012-1536x1024.jpg 1536w, https:\/\/luxm2.com\/wp-content\/uploads\/2021\/04\/2017-10-20-llafranc_0012.jpg 1600w\" sizes=\"(max-width: 1024px) 100vw, 1024px\" \/><\/a>Encore une vue sur la mer M\u00e9diterran\u00e9e. Voulez-vous ravir vos yeux avec quelque chose comme \u00e7a? Contactez-nous, nous s\u00e9lectionnerons pour vous les meilleurs biens immobiliers de la Costa Brava!<\/p>\n<h5 style=\"text-align: center;\"><strong>***<\/strong><\/h5>\n<p style=\"text-align: center;\">Un reportage photo plus d\u00e9taill\u00e9 sur notre promenade \u00e0 travers cette ville pittoresque peut \u00eatre trouv\u00e9 sur <a href=\"http:\/\/vladsonm.blogspot.com\/2017\/10\/llafranc.html\" target=\"_blank\" rel=\"noopener\">le lien<\/a> dans notre blog.<\/p>\n","protected":false},"excerpt":{"rendered":"<p>Aujourd&rsquo;hui, nous aimerions vous inviter \u00e0 faire une promenade le long de la plage et des sentiers p\u00e9destres le long du bord de mer dans la ville de Llafranc. Avec les villes voisines de Calella de Palafrugell et Tamariu, Llafranc fait partie du littoral de la municipalit\u00e9 de Palafrugell. Heureusement, Llafranc a pu maintenir ce [&hellip;]<\/p>\n","protected":false},"author":1,"featured_media":90158,"comment_status":"closed","ping_status":"closed","sticky":false,"template":"","format":"standard","meta":{"footnotes":""},"categories":[356],"tags":[],"class_list":["post-90220","post","type-post","status-publish","format-standard","has-post-thumbnail","hentry","category-cbinfo-fr"],"acf":[],"yoast_head":"<!-- This site is optimized with the Yoast SEO plugin v27.4 - https:\/\/yoast.com\/product\/yoast-seo-wordpress\/ -->\n<title>M2 Lux - Llafranc - une ville baln\u00e9aire de la Costa Brava.<\/title>\n<meta name=\"description\" content=\"Aujourd&#039;hui, nous aimerions vous inviter \u00e0 faire une promenade le long de la plage et des sentiers p\u00e9destres dans Llafranc.\" \/>\n<meta name=\"robots\" content=\"index, follow, max-snippet:-1, max-image-preview:large, max-video-preview:-1\" \/>\n<link rel=\"canonical\" href=\"https:\/\/luxm2.com\/fr\/2017-10-20-llafranc-une-ville-de-la-costa-brava\/\" \/>\n<meta property=\"og:locale\" content=\"fr_FR\" \/>\n<meta property=\"og:type\" content=\"article\" \/>\n<meta property=\"og:title\" content=\"M2 Lux - Llafranc - une ville baln\u00e9aire de la Costa Brava.\" \/>\n<meta property=\"og:description\" content=\"Aujourd&#039;hui, nous aimerions vous inviter \u00e0 faire une promenade le long de la plage et des sentiers p\u00e9destres dans Llafranc.\" \/>\n<meta property=\"og:url\" content=\"https:\/\/luxm2.com\/fr\/2017-10-20-llafranc-une-ville-de-la-costa-brava\/\" \/>\n<meta property=\"og:site_name\" content=\"M2 Lux\" \/>\n<meta property=\"article:publisher\" content=\"https:\/\/www.facebook.com\/luxm2\/?hc_ref=ARQm5M0UOH26I3A0w4V9JnxdLbywuIk19cmpkoZdQL5sdrhr4Kl4cGjwLW9M9U-wKig&amp;amp%3bamp%3bamp%3bamp%3bamp%3bamp%3bamp%3bamp%3bamp%3bamp%3bamp%3bamp%3bamp%3bamp%3bamp%3bamp%3bamp%3bamp%3bamp%3bamp%3bamp%3bamp%3bamp%3bamp%3bamp%3bamp%3bamp%3bamp%3bamp%3bamp%3bamp%3bamp%3bamp%3bamp%3bamp%3bamp%3bamp%3bamp%3bfref=nf\" \/>\n<meta property=\"article:published_time\" content=\"2017-10-20T14:48:25+00:00\" \/>\n<meta property=\"article:modified_time\" content=\"2021-04-12T15:32:19+00:00\" \/>\n<meta property=\"og:image\" content=\"https:\/\/luxm2.com\/wp-content\/uploads\/2021\/04\/2017-10-20-llafranc_0008.jpg\" \/>\n<meta name=\"author\" content=\"admin\" \/>\n<meta name=\"twitter:card\" content=\"summary_large_image\" \/>\n<meta name=\"twitter:label1\" content=\"\u00c9crit par\" \/>\n\t<meta name=\"twitter:data1\" content=\"admin\" \/>\n\t<meta name=\"twitter:label2\" content=\"Dur\u00e9e de lecture estim\u00e9e\" \/>\n\t<meta name=\"twitter:data2\" content=\"5 minutes\" \/>\n<script type=\"application\/ld+json\" class=\"yoast-schema-graph\">{\"@context\":\"https:\\\/\\\/schema.org\",\"@graph\":[{\"@type\":\"Article\",\"@id\":\"https:\\\/\\\/luxm2.com\\\/fr\\\/2017-10-20-llafranc-une-ville-de-la-costa-brava\\\/#article\",\"isPartOf\":{\"@id\":\"https:\\\/\\\/luxm2.com\\\/fr\\\/2017-10-20-llafranc-une-ville-de-la-costa-brava\\\/\"},\"author\":{\"name\":\"admin\",\"@id\":\"https:\\\/\\\/luxm2.com\\\/fr\\\/#\\\/schema\\\/person\\\/a7cbf86e5aa53e28f329a51b0ef2e1ab\"},\"headline\":\"Llafranc &#8211; une ville de la Costa Brava\",\"datePublished\":\"2017-10-20T14:48:25+00:00\",\"dateModified\":\"2021-04-12T15:32:19+00:00\",\"mainEntityOfPage\":{\"@id\":\"https:\\\/\\\/luxm2.com\\\/fr\\\/2017-10-20-llafranc-une-ville-de-la-costa-brava\\\/\"},\"wordCount\":520,\"publisher\":{\"@id\":\"https:\\\/\\\/luxm2.com\\\/fr\\\/#organization\"},\"image\":{\"@id\":\"https:\\\/\\\/luxm2.com\\\/fr\\\/2017-10-20-llafranc-une-ville-de-la-costa-brava\\\/#primaryimage\"},\"thumbnailUrl\":\"https:\\\/\\\/luxm2.com\\\/wp-content\\\/uploads\\\/2021\\\/04\\\/2017-10-20-llafranc_0001.jpg\",\"articleSection\":[\"Points d&#039;int\u00e9r\u00eat\"],\"inLanguage\":\"fr-FR\"},{\"@type\":\"WebPage\",\"@id\":\"https:\\\/\\\/luxm2.com\\\/fr\\\/2017-10-20-llafranc-une-ville-de-la-costa-brava\\\/\",\"url\":\"https:\\\/\\\/luxm2.com\\\/fr\\\/2017-10-20-llafranc-une-ville-de-la-costa-brava\\\/\",\"name\":\"M2 Lux - Llafranc - une ville baln\u00e9aire de la Costa Brava.\",\"isPartOf\":{\"@id\":\"https:\\\/\\\/luxm2.com\\\/fr\\\/#website\"},\"primaryImageOfPage\":{\"@id\":\"https:\\\/\\\/luxm2.com\\\/fr\\\/2017-10-20-llafranc-une-ville-de-la-costa-brava\\\/#primaryimage\"},\"image\":{\"@id\":\"https:\\\/\\\/luxm2.com\\\/fr\\\/2017-10-20-llafranc-une-ville-de-la-costa-brava\\\/#primaryimage\"},\"thumbnailUrl\":\"https:\\\/\\\/luxm2.com\\\/wp-content\\\/uploads\\\/2021\\\/04\\\/2017-10-20-llafranc_0001.jpg\",\"datePublished\":\"2017-10-20T14:48:25+00:00\",\"dateModified\":\"2021-04-12T15:32:19+00:00\",\"description\":\"Aujourd'hui, nous aimerions vous inviter \u00e0 faire une promenade le long de la plage et des sentiers p\u00e9destres dans Llafranc.\",\"breadcrumb\":{\"@id\":\"https:\\\/\\\/luxm2.com\\\/fr\\\/2017-10-20-llafranc-une-ville-de-la-costa-brava\\\/#breadcrumb\"},\"inLanguage\":\"fr-FR\",\"potentialAction\":[{\"@type\":\"ReadAction\",\"target\":[\"https:\\\/\\\/luxm2.com\\\/fr\\\/2017-10-20-llafranc-une-ville-de-la-costa-brava\\\/\"]}]},{\"@type\":\"ImageObject\",\"inLanguage\":\"fr-FR\",\"@id\":\"https:\\\/\\\/luxm2.com\\\/fr\\\/2017-10-20-llafranc-une-ville-de-la-costa-brava\\\/#primaryimage\",\"url\":\"https:\\\/\\\/luxm2.com\\\/wp-content\\\/uploads\\\/2021\\\/04\\\/2017-10-20-llafranc_0001.jpg\",\"contentUrl\":\"https:\\\/\\\/luxm2.com\\\/wp-content\\\/uploads\\\/2021\\\/04\\\/2017-10-20-llafranc_0001.jpg\",\"width\":1600,\"height\":1067,\"caption\":\"\u041b\u044c\u044f\u0444\u0440\u0430\u043d\u043a Llafranc\"},{\"@type\":\"BreadcrumbList\",\"@id\":\"https:\\\/\\\/luxm2.com\\\/fr\\\/2017-10-20-llafranc-une-ville-de-la-costa-brava\\\/#breadcrumb\",\"itemListElement\":[{\"@type\":\"ListItem\",\"position\":1,\"name\":\"Home\",\"item\":\"https:\\\/\\\/luxm2.com\\\/fr\\\/\"},{\"@type\":\"ListItem\",\"position\":2,\"name\":\"Points d&#039;int\u00e9r\u00eat\",\"item\":\"https:\\\/\\\/luxm2.com\\\/fr\\\/category\\\/cbinfo-fr\\\/\"},{\"@type\":\"ListItem\",\"position\":3,\"name\":\"Llafranc &#8211; une ville de la Costa Brava\"}]},{\"@type\":\"WebSite\",\"@id\":\"https:\\\/\\\/luxm2.com\\\/fr\\\/#website\",\"url\":\"https:\\\/\\\/luxm2.com\\\/fr\\\/\",\"name\":\"M2 Lux\",\"description\":\"M2 Lux Real Estate Agency\",\"publisher\":{\"@id\":\"https:\\\/\\\/luxm2.com\\\/fr\\\/#organization\"},\"potentialAction\":[{\"@type\":\"SearchAction\",\"target\":{\"@type\":\"EntryPoint\",\"urlTemplate\":\"https:\\\/\\\/luxm2.com\\\/fr\\\/?s={search_term_string}\"},\"query-input\":{\"@type\":\"PropertyValueSpecification\",\"valueRequired\":true,\"valueName\":\"search_term_string\"}}],\"inLanguage\":\"fr-FR\"},{\"@type\":\"Organization\",\"@id\":\"https:\\\/\\\/luxm2.com\\\/fr\\\/#organization\",\"name\":\"Brokerage & Consulting M2 Lux S.L.\",\"url\":\"https:\\\/\\\/luxm2.com\\\/fr\\\/\",\"logo\":{\"@type\":\"ImageObject\",\"inLanguage\":\"fr-FR\",\"@id\":\"https:\\\/\\\/luxm2.com\\\/fr\\\/#\\\/schema\\\/logo\\\/image\\\/\",\"url\":\"https:\\\/\\\/luxm2.com\\\/wp-content\\\/uploads\\\/2017\\\/08\\\/LUX-M2-without-border-500.jpg\",\"contentUrl\":\"https:\\\/\\\/luxm2.com\\\/wp-content\\\/uploads\\\/2017\\\/08\\\/LUX-M2-without-border-500.jpg\",\"width\":500,\"height\":500,\"caption\":\"Brokerage & Consulting M2 Lux S.L.\"},\"image\":{\"@id\":\"https:\\\/\\\/luxm2.com\\\/fr\\\/#\\\/schema\\\/logo\\\/image\\\/\"},\"sameAs\":[\"https:\\\/\\\/www.facebook.com\\\/luxm2\\\/?hc_ref=ARQm5M0UOH26I3A0w4V9JnxdLbywuIk19cmpkoZdQL5sdrhr4Kl4cGjwLW9M9U-wKig&amp;amp;amp;amp;amp;amp;amp;amp;amp;amp;amp;amp;amp;amp;amp;amp;amp;amp;amp;amp;amp;amp;amp;amp;amp;amp;amp;amp;amp;amp;amp;amp;amp;amp;amp;amp;amp;amp;fref=nf\",\"https:\\\/\\\/www.instagram.com\\\/m2luxspain\\\/\",\"https:\\\/\\\/www.pinterest.es\\\/m2luximmo\\\/\"]},{\"@type\":\"Person\",\"@id\":\"https:\\\/\\\/luxm2.com\\\/fr\\\/#\\\/schema\\\/person\\\/a7cbf86e5aa53e28f329a51b0ef2e1ab\",\"name\":\"admin\",\"image\":{\"@type\":\"ImageObject\",\"inLanguage\":\"fr-FR\",\"@id\":\"https:\\\/\\\/luxm2.com\\\/wp-content\\\/litespeed\\\/avatar\\\/c926f74982654e1c0506c827b8316352.jpg?ver=1777233247\",\"url\":\"https:\\\/\\\/luxm2.com\\\/wp-content\\\/litespeed\\\/avatar\\\/c926f74982654e1c0506c827b8316352.jpg?ver=1777233247\",\"contentUrl\":\"https:\\\/\\\/luxm2.com\\\/wp-content\\\/litespeed\\\/avatar\\\/c926f74982654e1c0506c827b8316352.jpg?ver=1777233247\",\"caption\":\"admin\"}}]}<\/script>\n<!-- \/ Yoast SEO plugin. -->","yoast_head_json":{"title":"M2 Lux - Llafranc - une ville baln\u00e9aire de la Costa Brava.","description":"Aujourd'hui, nous aimerions vous inviter \u00e0 faire une promenade le long de la plage et des sentiers p\u00e9destres dans Llafranc.","robots":{"index":"index","follow":"follow","max-snippet":"max-snippet:-1","max-image-preview":"max-image-preview:large","max-video-preview":"max-video-preview:-1"},"canonical":"https:\/\/luxm2.com\/fr\/2017-10-20-llafranc-une-ville-de-la-costa-brava\/","og_locale":"fr_FR","og_type":"article","og_title":"M2 Lux - Llafranc - une ville baln\u00e9aire de la Costa Brava.","og_description":"Aujourd'hui, nous aimerions vous inviter \u00e0 faire une promenade le long de la plage et des sentiers p\u00e9destres dans Llafranc.","og_url":"https:\/\/luxm2.com\/fr\/2017-10-20-llafranc-une-ville-de-la-costa-brava\/","og_site_name":"M2 Lux","article_publisher":"https:\/\/www.facebook.com\/luxm2\/?hc_ref=ARQm5M0UOH26I3A0w4V9JnxdLbywuIk19cmpkoZdQL5sdrhr4Kl4cGjwLW9M9U-wKig&amp%3bamp%3bamp%3bamp%3bamp%3bamp%3bamp%3bamp%3bamp%3bamp%3bamp%3bamp%3bamp%3bamp%3bamp%3bamp%3bamp%3bamp%3bamp%3bamp%3bamp%3bamp%3bamp%3bamp%3bamp%3bamp%3bamp%3bamp%3bamp%3bamp%3bamp%3bamp%3bamp%3bamp%3bamp%3bamp%3bamp%3bamp%3bfref=nf","article_published_time":"2017-10-20T14:48:25+00:00","article_modified_time":"2021-04-12T15:32:19+00:00","og_image":[{"url":"https:\/\/luxm2.com\/wp-content\/uploads\/2021\/04\/2017-10-20-llafranc_0008.jpg","type":"","width":"","height":""}],"author":"admin","twitter_card":"summary_large_image","twitter_misc":{"\u00c9crit par":"admin","Dur\u00e9e de lecture estim\u00e9e":"5 minutes"},"schema":{"@context":"https:\/\/schema.org","@graph":[{"@type":"Article","@id":"https:\/\/luxm2.com\/fr\/2017-10-20-llafranc-une-ville-de-la-costa-brava\/#article","isPartOf":{"@id":"https:\/\/luxm2.com\/fr\/2017-10-20-llafranc-une-ville-de-la-costa-brava\/"},"author":{"name":"admin","@id":"https:\/\/luxm2.com\/fr\/#\/schema\/person\/a7cbf86e5aa53e28f329a51b0ef2e1ab"},"headline":"Llafranc &#8211; une ville de la Costa Brava","datePublished":"2017-10-20T14:48:25+00:00","dateModified":"2021-04-12T15:32:19+00:00","mainEntityOfPage":{"@id":"https:\/\/luxm2.com\/fr\/2017-10-20-llafranc-une-ville-de-la-costa-brava\/"},"wordCount":520,"publisher":{"@id":"https:\/\/luxm2.com\/fr\/#organization"},"image":{"@id":"https:\/\/luxm2.com\/fr\/2017-10-20-llafranc-une-ville-de-la-costa-brava\/#primaryimage"},"thumbnailUrl":"https:\/\/luxm2.com\/wp-content\/uploads\/2021\/04\/2017-10-20-llafranc_0001.jpg","articleSection":["Points d&#039;int\u00e9r\u00eat"],"inLanguage":"fr-FR"},{"@type":"WebPage","@id":"https:\/\/luxm2.com\/fr\/2017-10-20-llafranc-une-ville-de-la-costa-brava\/","url":"https:\/\/luxm2.com\/fr\/2017-10-20-llafranc-une-ville-de-la-costa-brava\/","name":"M2 Lux - Llafranc - une ville baln\u00e9aire de la Costa Brava.","isPartOf":{"@id":"https:\/\/luxm2.com\/fr\/#website"},"primaryImageOfPage":{"@id":"https:\/\/luxm2.com\/fr\/2017-10-20-llafranc-une-ville-de-la-costa-brava\/#primaryimage"},"image":{"@id":"https:\/\/luxm2.com\/fr\/2017-10-20-llafranc-une-ville-de-la-costa-brava\/#primaryimage"},"thumbnailUrl":"https:\/\/luxm2.com\/wp-content\/uploads\/2021\/04\/2017-10-20-llafranc_0001.jpg","datePublished":"2017-10-20T14:48:25+00:00","dateModified":"2021-04-12T15:32:19+00:00","description":"Aujourd'hui, nous aimerions vous inviter \u00e0 faire une promenade le long de la plage et des sentiers p\u00e9destres dans Llafranc.","breadcrumb":{"@id":"https:\/\/luxm2.com\/fr\/2017-10-20-llafranc-une-ville-de-la-costa-brava\/#breadcrumb"},"inLanguage":"fr-FR","potentialAction":[{"@type":"ReadAction","target":["https:\/\/luxm2.com\/fr\/2017-10-20-llafranc-une-ville-de-la-costa-brava\/"]}]},{"@type":"ImageObject","inLanguage":"fr-FR","@id":"https:\/\/luxm2.com\/fr\/2017-10-20-llafranc-une-ville-de-la-costa-brava\/#primaryimage","url":"https:\/\/luxm2.com\/wp-content\/uploads\/2021\/04\/2017-10-20-llafranc_0001.jpg","contentUrl":"https:\/\/luxm2.com\/wp-content\/uploads\/2021\/04\/2017-10-20-llafranc_0001.jpg","width":1600,"height":1067,"caption":"\u041b\u044c\u044f\u0444\u0440\u0430\u043d\u043a Llafranc"},{"@type":"BreadcrumbList","@id":"https:\/\/luxm2.com\/fr\/2017-10-20-llafranc-une-ville-de-la-costa-brava\/#breadcrumb","itemListElement":[{"@type":"ListItem","position":1,"name":"Home","item":"https:\/\/luxm2.com\/fr\/"},{"@type":"ListItem","position":2,"name":"Points d&#039;int\u00e9r\u00eat","item":"https:\/\/luxm2.com\/fr\/category\/cbinfo-fr\/"},{"@type":"ListItem","position":3,"name":"Llafranc &#8211; une ville de la Costa Brava"}]},{"@type":"WebSite","@id":"https:\/\/luxm2.com\/fr\/#website","url":"https:\/\/luxm2.com\/fr\/","name":"M2 Lux","description":"M2 Lux Real Estate Agency","publisher":{"@id":"https:\/\/luxm2.com\/fr\/#organization"},"potentialAction":[{"@type":"SearchAction","target":{"@type":"EntryPoint","urlTemplate":"https:\/\/luxm2.com\/fr\/?s={search_term_string}"},"query-input":{"@type":"PropertyValueSpecification","valueRequired":true,"valueName":"search_term_string"}}],"inLanguage":"fr-FR"},{"@type":"Organization","@id":"https:\/\/luxm2.com\/fr\/#organization","name":"Brokerage & Consulting M2 Lux S.L.","url":"https:\/\/luxm2.com\/fr\/","logo":{"@type":"ImageObject","inLanguage":"fr-FR","@id":"https:\/\/luxm2.com\/fr\/#\/schema\/logo\/image\/","url":"https:\/\/luxm2.com\/wp-content\/uploads\/2017\/08\/LUX-M2-without-border-500.jpg","contentUrl":"https:\/\/luxm2.com\/wp-content\/uploads\/2017\/08\/LUX-M2-without-border-500.jpg","width":500,"height":500,"caption":"Brokerage & Consulting M2 Lux S.L."},"image":{"@id":"https:\/\/luxm2.com\/fr\/#\/schema\/logo\/image\/"},"sameAs":["https:\/\/www.facebook.com\/luxm2\/?hc_ref=ARQm5M0UOH26I3A0w4V9JnxdLbywuIk19cmpkoZdQL5sdrhr4Kl4cGjwLW9M9U-wKig&amp;amp;amp;amp;amp;amp;amp;amp;amp;amp;amp;amp;amp;amp;amp;amp;amp;amp;amp;amp;amp;amp;amp;amp;amp;amp;amp;amp;amp;amp;amp;amp;amp;amp;amp;amp;amp;amp;fref=nf","https:\/\/www.instagram.com\/m2luxspain\/","https:\/\/www.pinterest.es\/m2luximmo\/"]},{"@type":"Person","@id":"https:\/\/luxm2.com\/fr\/#\/schema\/person\/a7cbf86e5aa53e28f329a51b0ef2e1ab","name":"admin","image":{"@type":"ImageObject","inLanguage":"fr-FR","@id":"https:\/\/luxm2.com\/wp-content\/litespeed\/avatar\/c926f74982654e1c0506c827b8316352.jpg?ver=1777233247","url":"https:\/\/luxm2.com\/wp-content\/litespeed\/avatar\/c926f74982654e1c0506c827b8316352.jpg?ver=1777233247","contentUrl":"https:\/\/luxm2.com\/wp-content\/litespeed\/avatar\/c926f74982654e1c0506c827b8316352.jpg?ver=1777233247","caption":"admin"}}]}},"_links":{"self":[{"href":"https:\/\/luxm2.com\/fr\/wp-json\/wp\/v2\/posts\/90220","targetHints":{"allow":["GET"]}}],"collection":[{"href":"https:\/\/luxm2.com\/fr\/wp-json\/wp\/v2\/posts"}],"about":[{"href":"https:\/\/luxm2.com\/fr\/wp-json\/wp\/v2\/types\/post"}],"author":[{"embeddable":true,"href":"https:\/\/luxm2.com\/fr\/wp-json\/wp\/v2\/users\/1"}],"replies":[{"embeddable":true,"href":"https:\/\/luxm2.com\/fr\/wp-json\/wp\/v2\/comments?post=90220"}],"version-history":[{"count":0,"href":"https:\/\/luxm2.com\/fr\/wp-json\/wp\/v2\/posts\/90220\/revisions"}],"wp:featuredmedia":[{"embeddable":true,"href":"https:\/\/luxm2.com\/fr\/wp-json\/wp\/v2\/media\/90158"}],"wp:attachment":[{"href":"https:\/\/luxm2.com\/fr\/wp-json\/wp\/v2\/media?parent=90220"}],"wp:term":[{"taxonomy":"category","embeddable":true,"href":"https:\/\/luxm2.com\/fr\/wp-json\/wp\/v2\/categories?post=90220"},{"taxonomy":"post_tag","embeddable":true,"href":"https:\/\/luxm2.com\/fr\/wp-json\/wp\/v2\/tags?post=90220"}],"curies":[{"name":"wp","href":"https:\/\/api.w.org\/{rel}","templated":true}]}}