{"id":77246,"date":"2020-09-15T13:25:14","date_gmt":"2020-09-15T11:25:14","guid":{"rendered":"https:\/\/luxm2.com\/monastere-de-sant-pere-de-rodes\/"},"modified":"2020-09-15T13:50:19","modified_gmt":"2020-09-15T11:50:19","slug":"2020-09-15-monastere-de-sant-pere-de-rodes","status":"publish","type":"post","link":"https:\/\/luxm2.com\/fr\/2020-09-15-monastere-de-sant-pere-de-rodes\/","title":{"rendered":"Monast\u00e8re de Sant Pere de Rodes"},"content":{"rendered":"<div>\n<div>Sur le versant nord de la pointe est la plus pro\u00e9minente de la p\u00e9ninsule ib\u00e9rique, le Cap de Creus, sur un endroit offrant une vue imprenable sur la mer M\u00e9diterran\u00e9e, se trouve le monast\u00e8re b\u00e9n\u00e9dictin autrefois puissant de Sant Pere de Rodes. Au fait, cet endroit est consid\u00e9r\u00e9 comme l&rsquo;un des endroits les plus visit\u00e9s d&rsquo;Espagne!<\/div>\n<div>Les premiers moines, attir\u00e9s par la vue imprenable, le climat exceptionnel et presque \u00e0 distance de marche de la belle plage de sable de la ville voisine de Port de La Selva, se sont install\u00e9s ici au 9\u00e8me si\u00e8cle. D\u00e9j\u00e0 en 944, le monast\u00e8re avait le statut d&rsquo;abbaye et devint un centre de p\u00e8lerinage pour les moines errants de tous les pays du monde chr\u00e9tien.<\/div>\n<div>Comme d&rsquo;habitude, les questions d&rsquo;argent et de propri\u00e9t\u00e9 fonci\u00e8re ont longtemps g\u00e2t\u00e9 les relations entre les peuples fraternels espagnols et fran\u00e7ais, et des probl\u00e8mes se sont pos\u00e9s, comme toujours, parmi les malheureux Catalans qui se trouvaient au milieu. De nombreuses guerres, des attaques de pirates nord-africains, ainsi que de terribles \u00e9pid\u00e9mies qui ont fait rage au Moyen \u00c2ge ont conduit au d\u00e9clin graduel du monast\u00e8re \u00e0 partir du XIVe si\u00e8cle. M\u00eame l&rsquo;\u00e9panouissement de la vinification dans cette r\u00e9gion aux XVIIe et XVIIIe si\u00e8cles n&rsquo;a pas pu changer la situation et l&rsquo;humeur. Depuis le milieu du XIXe si\u00e8cle, le monast\u00e8re a \u00e9t\u00e9 syst\u00e9matiquement d\u00e9truit et a \u00e9t\u00e9 litt\u00e9ralement pill\u00e9 en partie par des voisins paysans z\u00e9l\u00e9s et des collectionneurs d&rsquo;antiquit\u00e9s avides.<\/div>\n<div>Heureusement, en 1930, le monast\u00e8re a \u00e9t\u00e9 d\u00e9clar\u00e9 monument artistique historique national. Depuis, de nombreux travaux de restauration ont \u00e9t\u00e9 men\u00e9s sur son territoire pour tenter de faire revivre l&rsquo;apparence ancienne de cette impressionnante cr\u00e9ation de mains humaines. Aujourd&rsquo;hui, nous avons l&rsquo;occasion de visiter le monast\u00e8re de Sant Pere de Rodes et de comprendre ce qui a pouss\u00e9 les moines b\u00e9n\u00e9dictins \u00e0 acqu\u00e9rir des biens immobiliers dans cette r\u00e9gion particuli\u00e8re de la Catalogne.<\/div>\n<\/div>\n<div><\/div>\n<p><!--more--><\/p>\n<div style=\"text-align: left;\">Quelques photos pour vous faire une id\u00e9e g\u00e9n\u00e9rale et d\u00e9cider si vous devez vous y rendre&#x1f603;.<\/div>\n<div style=\"text-align: center;\"><\/div>\n<h5 style=\"text-align: center;\">***<\/h5>\n<div style=\"text-align: center;\"><a href=\"https:\/\/luxm2.com\/wp-content\/uploads\/2020\/09\/2020-09-15-monastyr-sant-pere-de-rodes_0002.jpg\" target=\"_blank\" rel=\"noopener noreferrer\"><img decoding=\"async\" class=\"aligncenter wp-image-77163 size-large\" src=\"https:\/\/luxm2.com\/wp-content\/uploads\/2020\/09\/2020-09-15-monastyr-sant-pere-de-rodes_0002-1024x683.jpg\" alt=\"\u041c\u043e\u043d\u0430\u0441\u0442\u044b\u0440\u044c Sant Pere de Rodes Monastery Monast\u00e8re Monasterio Monestir\" width=\"1024\" height=\"683\" srcset=\"https:\/\/luxm2.com\/wp-content\/uploads\/2020\/09\/2020-09-15-monastyr-sant-pere-de-rodes_0002-1024x683.jpg 1024w, https:\/\/luxm2.com\/wp-content\/uploads\/2020\/09\/2020-09-15-monastyr-sant-pere-de-rodes_0002-300x200.jpg 300w, https:\/\/luxm2.com\/wp-content\/uploads\/2020\/09\/2020-09-15-monastyr-sant-pere-de-rodes_0002-768x512.jpg 768w, https:\/\/luxm2.com\/wp-content\/uploads\/2020\/09\/2020-09-15-monastyr-sant-pere-de-rodes_0002-1536x1024.jpg 1536w, https:\/\/luxm2.com\/wp-content\/uploads\/2020\/09\/2020-09-15-monastyr-sant-pere-de-rodes_0002.jpg 1600w\" sizes=\"(max-width: 1024px) 100vw, 1024px\" \/><\/a><\/div>\n<div style=\"text-align: center;\">\n<div>Nous laissons la voiture sur <a href=\"https:\/\/goo.gl\/maps\/281JrbwgWpqqAt8f8\" target=\"_blank\" rel=\"noopener noreferrer\">le parking<\/a> et suivons le sentier jusqu&rsquo;au monast\u00e8re.<\/div>\n<\/div>\n<div style=\"text-align: center;\">***<\/div>\n<div style=\"text-align: center;\"><\/div>\n<div style=\"text-align: center;\"><a href=\"https:\/\/luxm2.com\/wp-content\/uploads\/2020\/09\/2020-09-15-monastyr-sant-pere-de-rodes_0003.jpg\" target=\"_blank\" rel=\"noopener noreferrer\"><img decoding=\"async\" class=\"aligncenter wp-image-77168 size-large\" src=\"https:\/\/luxm2.com\/wp-content\/uploads\/2020\/09\/2020-09-15-monastyr-sant-pere-de-rodes_0003-1024x683.jpg\" alt=\"\u041c\u043e\u043d\u0430\u0441\u0442\u044b\u0440\u044c Sant Pere de Rodes Monastery Monast\u00e8re Monasterio Monestir\" width=\"1024\" height=\"683\" srcset=\"https:\/\/luxm2.com\/wp-content\/uploads\/2020\/09\/2020-09-15-monastyr-sant-pere-de-rodes_0003-1024x683.jpg 1024w, https:\/\/luxm2.com\/wp-content\/uploads\/2020\/09\/2020-09-15-monastyr-sant-pere-de-rodes_0003-300x200.jpg 300w, https:\/\/luxm2.com\/wp-content\/uploads\/2020\/09\/2020-09-15-monastyr-sant-pere-de-rodes_0003-768x512.jpg 768w, https:\/\/luxm2.com\/wp-content\/uploads\/2020\/09\/2020-09-15-monastyr-sant-pere-de-rodes_0003-1536x1024.jpg 1536w, https:\/\/luxm2.com\/wp-content\/uploads\/2020\/09\/2020-09-15-monastyr-sant-pere-de-rodes_0003.jpg 1600w\" sizes=\"(max-width: 1024px) 100vw, 1024px\" \/><\/a>\u00c0 environ un demi-kilom\u00e8tre du monast\u00e8re se trouvent les ruines du village de Santa Creu qui existait autrefois ici. La photo montre les vestiges de l&rsquo;\u00e9glise Santa Helena de Roda, qui a \u00e9t\u00e9 mentionn\u00e9e pour la premi\u00e8re fois dans les chroniques historiques en 974. Le village a \u00e9t\u00e9 abandonn\u00e9 par les habitants vers la m\u00eame p\u00e9riode lorsque les moines ont quitt\u00e9 le monast\u00e8re.<\/div>\n<div style=\"text-align: center;\">***<\/div>\n<div style=\"text-align: center;\"><\/div>\n<div style=\"text-align: center;\"><a href=\"https:\/\/luxm2.com\/wp-content\/uploads\/2020\/09\/2020-09-15-monastyr-sant-pere-de-rodes_0004.jpg\" target=\"_blank\" rel=\"noopener noreferrer\"><img decoding=\"async\" class=\"aligncenter wp-image-77173 size-large\" src=\"https:\/\/luxm2.com\/wp-content\/uploads\/2020\/09\/2020-09-15-monastyr-sant-pere-de-rodes_0004-1024x683.jpg\" alt=\"\u041c\u043e\u043d\u0430\u0441\u0442\u044b\u0440\u044c Sant Pere de Rodes Monastery Monast\u00e8re Monasterio Monestir\" width=\"1024\" height=\"683\" srcset=\"https:\/\/luxm2.com\/wp-content\/uploads\/2020\/09\/2020-09-15-monastyr-sant-pere-de-rodes_0004-1024x683.jpg 1024w, https:\/\/luxm2.com\/wp-content\/uploads\/2020\/09\/2020-09-15-monastyr-sant-pere-de-rodes_0004-300x200.jpg 300w, https:\/\/luxm2.com\/wp-content\/uploads\/2020\/09\/2020-09-15-monastyr-sant-pere-de-rodes_0004-768x512.jpg 768w, https:\/\/luxm2.com\/wp-content\/uploads\/2020\/09\/2020-09-15-monastyr-sant-pere-de-rodes_0004-1536x1024.jpg 1536w, https:\/\/luxm2.com\/wp-content\/uploads\/2020\/09\/2020-09-15-monastyr-sant-pere-de-rodes_0004.jpg 1600w\" sizes=\"(max-width: 1024px) 100vw, 1024px\" \/><\/a>Les imposantes tours du monast\u00e8re. Sur la gauche se trouve le clocher de l&rsquo;\u00e9glise du monast\u00e8re. Sur la droite se trouve la tour, qui servait de protection aux moines et p\u00e8lerins lors des attaques ennemies. Cette tour n&rsquo;a pas d&rsquo;entr\u00e9e de l&rsquo;ext\u00e9rieur, seulement de l&rsquo;int\u00e9rieur du monast\u00e8re, et on ne pouvait acc\u00e9der \u00e0 son sommet que par les trous pratiqu\u00e9s entre les \u00e9tages \u00e0 l&rsquo;int\u00e9rieur de la tour.<\/div>\n<div style=\"text-align: center;\">***<\/div>\n<div style=\"text-align: center;\"><\/div>\n<div style=\"text-align: center;\"><a href=\"https:\/\/luxm2.com\/wp-content\/uploads\/2020\/09\/2020-09-15-monastyr-sant-pere-de-rodes_0005.jpg\" target=\"_blank\" rel=\"noopener noreferrer\"><img decoding=\"async\" class=\"aligncenter wp-image-77178 size-large\" src=\"https:\/\/luxm2.com\/wp-content\/uploads\/2020\/09\/2020-09-15-monastyr-sant-pere-de-rodes_0005-1024x683.jpg\" alt=\"\u041c\u043e\u043d\u0430\u0441\u0442\u044b\u0440\u044c Sant Pere de Rodes Monastery Monast\u00e8re Monasterio Monestir\" width=\"1024\" height=\"683\" srcset=\"https:\/\/luxm2.com\/wp-content\/uploads\/2020\/09\/2020-09-15-monastyr-sant-pere-de-rodes_0005-1024x683.jpg 1024w, https:\/\/luxm2.com\/wp-content\/uploads\/2020\/09\/2020-09-15-monastyr-sant-pere-de-rodes_0005-300x200.jpg 300w, https:\/\/luxm2.com\/wp-content\/uploads\/2020\/09\/2020-09-15-monastyr-sant-pere-de-rodes_0005-768x512.jpg 768w, https:\/\/luxm2.com\/wp-content\/uploads\/2020\/09\/2020-09-15-monastyr-sant-pere-de-rodes_0005-1536x1024.jpg 1536w, https:\/\/luxm2.com\/wp-content\/uploads\/2020\/09\/2020-09-15-monastyr-sant-pere-de-rodes_0005.jpg 1600w\" sizes=\"(max-width: 1024px) 100vw, 1024px\" \/><\/a>En bas \u00e0 gauche sur la photo &#8211; l&rsquo;entr\u00e9e de l&rsquo;\u00e9glise du monast\u00e8re. Vous pouvez imaginer la vue sur la mer depuis les tours du monast\u00e8re!<\/div>\n<h5 style=\"text-align: center;\">***<\/h5>\n<div style=\"text-align: center;\"><a href=\"https:\/\/luxm2.com\/wp-content\/uploads\/2020\/09\/2020-09-15-monastyr-sant-pere-de-rodes_0006.jpg\" target=\"_blank\" rel=\"noopener noreferrer\"><img decoding=\"async\" class=\"aligncenter wp-image-77183 size-large\" src=\"https:\/\/luxm2.com\/wp-content\/uploads\/2020\/09\/2020-09-15-monastyr-sant-pere-de-rodes_0006-1024x683.jpg\" alt=\"\u041c\u043e\u043d\u0430\u0441\u0442\u044b\u0440\u044c Sant Pere de Rodes Monastery Monast\u00e8re Monasterio Monestir\" width=\"1024\" height=\"683\" srcset=\"https:\/\/luxm2.com\/wp-content\/uploads\/2020\/09\/2020-09-15-monastyr-sant-pere-de-rodes_0006-1024x683.jpg 1024w, https:\/\/luxm2.com\/wp-content\/uploads\/2020\/09\/2020-09-15-monastyr-sant-pere-de-rodes_0006-300x200.jpg 300w, https:\/\/luxm2.com\/wp-content\/uploads\/2020\/09\/2020-09-15-monastyr-sant-pere-de-rodes_0006-768x512.jpg 768w, https:\/\/luxm2.com\/wp-content\/uploads\/2020\/09\/2020-09-15-monastyr-sant-pere-de-rodes_0006-1536x1024.jpg 1536w, https:\/\/luxm2.com\/wp-content\/uploads\/2020\/09\/2020-09-15-monastyr-sant-pere-de-rodes_0006.jpg 1600w\" sizes=\"(max-width: 1024px) 100vw, 1024px\" \/><\/a>Au sommet de la tour de d\u00e9fense, les restes de poutres en bois sont clairement visibles. Il y avait un balcon sur eux, sur lequel les moines et les invit\u00e9s du monast\u00e8re pouvaient se r\u00e9fugier en cas de danger, donnant l&rsquo;occasion d&rsquo;admirer les beaux paysages, ainsi que les figures miniatures des ennemis loin en dessous.<\/div>\n<div style=\"text-align: center;\">***<\/div>\n<div><\/div>\n<div style=\"text-align: center;\"><a href=\"https:\/\/luxm2.com\/wp-content\/uploads\/2020\/09\/2020-09-15-monastyr-sant-pere-de-rodes_0007.jpg\" target=\"_blank\" rel=\"noopener noreferrer\"><img decoding=\"async\" class=\"aligncenter wp-image-77188 size-large\" src=\"https:\/\/luxm2.com\/wp-content\/uploads\/2020\/09\/2020-09-15-monastyr-sant-pere-de-rodes_0007-1024x683.jpg\" alt=\"\" width=\"1024\" height=\"683\" srcset=\"https:\/\/luxm2.com\/wp-content\/uploads\/2020\/09\/2020-09-15-monastyr-sant-pere-de-rodes_0007-1024x683.jpg 1024w, https:\/\/luxm2.com\/wp-content\/uploads\/2020\/09\/2020-09-15-monastyr-sant-pere-de-rodes_0007-300x200.jpg 300w, https:\/\/luxm2.com\/wp-content\/uploads\/2020\/09\/2020-09-15-monastyr-sant-pere-de-rodes_0007-768x512.jpg 768w, https:\/\/luxm2.com\/wp-content\/uploads\/2020\/09\/2020-09-15-monastyr-sant-pere-de-rodes_0007-1536x1024.jpg 1536w, https:\/\/luxm2.com\/wp-content\/uploads\/2020\/09\/2020-09-15-monastyr-sant-pere-de-rodes_0007.jpg 1600w\" sizes=\"(max-width: 1024px) 100vw, 1024px\" \/><\/a>Les murs du monast\u00e8re se refl\u00e8tent magnifiquement dans les fen\u00eatres en miroir du b\u00e2timent administratif.<\/div>\n<div style=\"text-align: center;\">***<\/div>\n<div style=\"text-align: center;\"><\/div>\n<div style=\"text-align: center;\"><a href=\"https:\/\/luxm2.com\/wp-content\/uploads\/2020\/09\/2020-09-15-monastyr-sant-pere-de-rodes_0008.jpg\" target=\"_blank\" rel=\"noopener noreferrer\"><img decoding=\"async\" class=\"aligncenter wp-image-77193 size-large\" src=\"https:\/\/luxm2.com\/wp-content\/uploads\/2020\/09\/2020-09-15-monastyr-sant-pere-de-rodes_0008-1024x683.jpg\" alt=\"\" width=\"1024\" height=\"683\" srcset=\"https:\/\/luxm2.com\/wp-content\/uploads\/2020\/09\/2020-09-15-monastyr-sant-pere-de-rodes_0008-1024x683.jpg 1024w, https:\/\/luxm2.com\/wp-content\/uploads\/2020\/09\/2020-09-15-monastyr-sant-pere-de-rodes_0008-300x200.jpg 300w, https:\/\/luxm2.com\/wp-content\/uploads\/2020\/09\/2020-09-15-monastyr-sant-pere-de-rodes_0008-768x512.jpg 768w, https:\/\/luxm2.com\/wp-content\/uploads\/2020\/09\/2020-09-15-monastyr-sant-pere-de-rodes_0008-1536x1024.jpg 1536w, https:\/\/luxm2.com\/wp-content\/uploads\/2020\/09\/2020-09-15-monastyr-sant-pere-de-rodes_0008.jpg 1600w\" sizes=\"(max-width: 1024px) 100vw, 1024px\" \/><\/a>Escalier descendant menant \u00e0 l&rsquo;\u00e9glise du monast\u00e8re.<\/div>\n<div style=\"text-align: center;\">***<\/div>\n<div style=\"text-align: center;\"><\/div>\n<div style=\"text-align: center;\"><a href=\"https:\/\/luxm2.com\/wp-content\/uploads\/2020\/09\/2020-09-15-monastyr-sant-pere-de-rodes_0009.jpg\" target=\"_blank\" rel=\"noopener noreferrer\"><img decoding=\"async\" class=\"aligncenter wp-image-77198 size-large\" src=\"https:\/\/luxm2.com\/wp-content\/uploads\/2020\/09\/2020-09-15-monastyr-sant-pere-de-rodes_0009-1024x683.jpg\" alt=\"\" width=\"1024\" height=\"683\" srcset=\"https:\/\/luxm2.com\/wp-content\/uploads\/2020\/09\/2020-09-15-monastyr-sant-pere-de-rodes_0009-1024x683.jpg 1024w, https:\/\/luxm2.com\/wp-content\/uploads\/2020\/09\/2020-09-15-monastyr-sant-pere-de-rodes_0009-300x200.jpg 300w, https:\/\/luxm2.com\/wp-content\/uploads\/2020\/09\/2020-09-15-monastyr-sant-pere-de-rodes_0009-768x512.jpg 768w, https:\/\/luxm2.com\/wp-content\/uploads\/2020\/09\/2020-09-15-monastyr-sant-pere-de-rodes_0009-1536x1024.jpg 1536w, https:\/\/luxm2.com\/wp-content\/uploads\/2020\/09\/2020-09-15-monastyr-sant-pere-de-rodes_0009.jpg 1600w\" sizes=\"(max-width: 1024px) 100vw, 1024px\" \/><\/a>La majestueuse \u00e9glise du monast\u00e8re. Le d\u00f4me mesure 16 m\u00e8tres de haut. Les vo\u00fbtes de soutien des colonnes sont de style corinthien. L&rsquo;\u00e9glise a \u00e9t\u00e9 construite dans la p\u00e9riode du X au XI si\u00e8cle et se dresse sur un versant de montagne, la diff\u00e9rence de hauteur entre les parties nord et sud de l&rsquo;\u00e9glise est d&rsquo;environ 4 m\u00e8tres. Oui, les Catalans savaient d\u00e9j\u00e0 construire depuis des si\u00e8cles! L&rsquo;int\u00e9rieur de l&rsquo;\u00e9glise a \u00e9t\u00e9 compl\u00e8tement saccag\u00e9; on en trouve des fragments dans les mus\u00e9es et les collections d&rsquo;antiquit\u00e9s du monde entier.<\/div>\n<h5 style=\"text-align: center;\">***<\/h5>\n<div style=\"text-align: center;\"><a href=\"https:\/\/luxm2.com\/wp-content\/uploads\/2020\/09\/2020-09-15-monastyr-sant-pere-de-rodes_0010.jpg\" target=\"_blank\" rel=\"noopener noreferrer\"><img decoding=\"async\" class=\"aligncenter wp-image-77203 size-large\" src=\"https:\/\/luxm2.com\/wp-content\/uploads\/2020\/09\/2020-09-15-monastyr-sant-pere-de-rodes_0010-1024x683.jpg\" alt=\"\" width=\"1024\" height=\"683\" srcset=\"https:\/\/luxm2.com\/wp-content\/uploads\/2020\/09\/2020-09-15-monastyr-sant-pere-de-rodes_0010-1024x683.jpg 1024w, https:\/\/luxm2.com\/wp-content\/uploads\/2020\/09\/2020-09-15-monastyr-sant-pere-de-rodes_0010-300x200.jpg 300w, https:\/\/luxm2.com\/wp-content\/uploads\/2020\/09\/2020-09-15-monastyr-sant-pere-de-rodes_0010-768x512.jpg 768w, https:\/\/luxm2.com\/wp-content\/uploads\/2020\/09\/2020-09-15-monastyr-sant-pere-de-rodes_0010-1536x1024.jpg 1536w, https:\/\/luxm2.com\/wp-content\/uploads\/2020\/09\/2020-09-15-monastyr-sant-pere-de-rodes_0010.jpg 1600w\" sizes=\"(max-width: 1024px) 100vw, 1024px\" \/><\/a>La cour int\u00e9rieure du monast\u00e8re, scientifiquement &#8211; un clo\u00eetre. Il a \u00e9t\u00e9 presque enti\u00e8rement restaur\u00e9 lors de travaux de restauration \u00e0 la fin du si\u00e8cle dernier.<\/div>\n<div style=\"text-align: center;\">***<\/div>\n<div style=\"text-align: center;\"><\/div>\n<div style=\"text-align: center;\"><a href=\"https:\/\/luxm2.com\/wp-content\/uploads\/2020\/09\/2020-09-15-monastyr-sant-pere-de-rodes_0011.jpg\" target=\"_blank\" rel=\"noopener noreferrer\"><img decoding=\"async\" class=\"aligncenter wp-image-77208 size-large\" src=\"https:\/\/luxm2.com\/wp-content\/uploads\/2020\/09\/2020-09-15-monastyr-sant-pere-de-rodes_0011-1024x683.jpg\" alt=\"\" width=\"1024\" height=\"683\" srcset=\"https:\/\/luxm2.com\/wp-content\/uploads\/2020\/09\/2020-09-15-monastyr-sant-pere-de-rodes_0011-1024x683.jpg 1024w, https:\/\/luxm2.com\/wp-content\/uploads\/2020\/09\/2020-09-15-monastyr-sant-pere-de-rodes_0011-300x200.jpg 300w, https:\/\/luxm2.com\/wp-content\/uploads\/2020\/09\/2020-09-15-monastyr-sant-pere-de-rodes_0011-768x512.jpg 768w, https:\/\/luxm2.com\/wp-content\/uploads\/2020\/09\/2020-09-15-monastyr-sant-pere-de-rodes_0011-1536x1024.jpg 1536w, https:\/\/luxm2.com\/wp-content\/uploads\/2020\/09\/2020-09-15-monastyr-sant-pere-de-rodes_0011.jpg 1600w\" sizes=\"(max-width: 1024px) 100vw, 1024px\" \/><\/a>Les colonnes et m\u00eame des parties des murs ont \u00e9t\u00e9 d\u00e9truites et emport\u00e9es dans la p\u00e9riode de 1835 \u00e0 1930. Aujourd&rsquo;hui, on ne peut qu&rsquo;imaginer \u00e0 quoi tout ressemblait vraiment ici.<\/div>\n<div style=\"text-align: center;\">***<\/div>\n<div style=\"text-align: center;\"><\/div>\n<div style=\"text-align: center;\"><a href=\"https:\/\/luxm2.com\/wp-content\/uploads\/2020\/09\/2020-09-15-monastyr-sant-pere-de-rodes_0012.jpg\" target=\"_blank\" rel=\"noopener noreferrer\"><img decoding=\"async\" class=\"aligncenter wp-image-77213 size-large\" src=\"https:\/\/luxm2.com\/wp-content\/uploads\/2020\/09\/2020-09-15-monastyr-sant-pere-de-rodes_0012-1024x683.jpg\" alt=\"\" width=\"1024\" height=\"683\" srcset=\"https:\/\/luxm2.com\/wp-content\/uploads\/2020\/09\/2020-09-15-monastyr-sant-pere-de-rodes_0012-1024x683.jpg 1024w, https:\/\/luxm2.com\/wp-content\/uploads\/2020\/09\/2020-09-15-monastyr-sant-pere-de-rodes_0012-300x200.jpg 300w, https:\/\/luxm2.com\/wp-content\/uploads\/2020\/09\/2020-09-15-monastyr-sant-pere-de-rodes_0012-768x512.jpg 768w, https:\/\/luxm2.com\/wp-content\/uploads\/2020\/09\/2020-09-15-monastyr-sant-pere-de-rodes_0012-1536x1024.jpg 1536w, https:\/\/luxm2.com\/wp-content\/uploads\/2020\/09\/2020-09-15-monastyr-sant-pere-de-rodes_0012.jpg 1600w\" sizes=\"(max-width: 1024px) 100vw, 1024px\" \/><\/a>Vue sur le clocher depuis la cour.<\/div>\n<div style=\"text-align: center;\">***<\/div>\n<div style=\"text-align: center;\"><\/div>\n<div style=\"text-align: center;\"><a href=\"https:\/\/luxm2.com\/wp-content\/uploads\/2020\/09\/2020-09-15-monastyr-sant-pere-de-rodes_0013.jpg\" target=\"_blank\" rel=\"noopener noreferrer\"><img decoding=\"async\" class=\"aligncenter wp-image-77218 size-large\" src=\"https:\/\/luxm2.com\/wp-content\/uploads\/2020\/09\/2020-09-15-monastyr-sant-pere-de-rodes_0013-1024x683.jpg\" alt=\"\" width=\"1024\" height=\"683\" srcset=\"https:\/\/luxm2.com\/wp-content\/uploads\/2020\/09\/2020-09-15-monastyr-sant-pere-de-rodes_0013-1024x683.jpg 1024w, https:\/\/luxm2.com\/wp-content\/uploads\/2020\/09\/2020-09-15-monastyr-sant-pere-de-rodes_0013-300x200.jpg 300w, https:\/\/luxm2.com\/wp-content\/uploads\/2020\/09\/2020-09-15-monastyr-sant-pere-de-rodes_0013-768x512.jpg 768w, https:\/\/luxm2.com\/wp-content\/uploads\/2020\/09\/2020-09-15-monastyr-sant-pere-de-rodes_0013-1536x1024.jpg 1536w, https:\/\/luxm2.com\/wp-content\/uploads\/2020\/09\/2020-09-15-monastyr-sant-pere-de-rodes_0013.jpg 1600w\" sizes=\"(max-width: 1024px) 100vw, 1024px\" \/><\/a>Et c&rsquo;est la vue sur le clocher depuis la galerie reliant le clocher \u00e0 la tour de d\u00e9fense.<\/div>\n<h5 style=\"text-align: center;\">***<\/h5>\n<div style=\"text-align: center;\"><a href=\"https:\/\/luxm2.com\/wp-content\/uploads\/2020\/09\/2020-09-15-monastyr-sant-pere-de-rodes_0014.jpg\" target=\"_blank\" rel=\"noopener noreferrer\"><img decoding=\"async\" class=\"aligncenter wp-image-77223 size-large\" src=\"https:\/\/luxm2.com\/wp-content\/uploads\/2020\/09\/2020-09-15-monastyr-sant-pere-de-rodes_0014-1024x683.jpg\" alt=\"\" width=\"1024\" height=\"683\" srcset=\"https:\/\/luxm2.com\/wp-content\/uploads\/2020\/09\/2020-09-15-monastyr-sant-pere-de-rodes_0014-1024x683.jpg 1024w, https:\/\/luxm2.com\/wp-content\/uploads\/2020\/09\/2020-09-15-monastyr-sant-pere-de-rodes_0014-300x200.jpg 300w, https:\/\/luxm2.com\/wp-content\/uploads\/2020\/09\/2020-09-15-monastyr-sant-pere-de-rodes_0014-768x512.jpg 768w, https:\/\/luxm2.com\/wp-content\/uploads\/2020\/09\/2020-09-15-monastyr-sant-pere-de-rodes_0014-1536x1024.jpg 1536w, https:\/\/luxm2.com\/wp-content\/uploads\/2020\/09\/2020-09-15-monastyr-sant-pere-de-rodes_0014.jpg 1600w\" sizes=\"(max-width: 1024px) 100vw, 1024px\" \/><\/a>Vue de la tour de d\u00e9fense depuis l&rsquo;\u00e9tage sup\u00e9rieur.<\/div>\n<div style=\"text-align: center;\">***<\/div>\n<div style=\"text-align: center;\"><\/div>\n<div style=\"text-align: center;\"><a href=\"https:\/\/luxm2.com\/wp-content\/uploads\/2020\/09\/2020-09-15-monastyr-sant-pere-de-rodes_0015.jpg\" target=\"_blank\" rel=\"noopener noreferrer\"><img decoding=\"async\" class=\"aligncenter wp-image-77228 size-large\" src=\"https:\/\/luxm2.com\/wp-content\/uploads\/2020\/09\/2020-09-15-monastyr-sant-pere-de-rodes_0015-1024x683.jpg\" alt=\"\" width=\"1024\" height=\"683\" srcset=\"https:\/\/luxm2.com\/wp-content\/uploads\/2020\/09\/2020-09-15-monastyr-sant-pere-de-rodes_0015-1024x683.jpg 1024w, https:\/\/luxm2.com\/wp-content\/uploads\/2020\/09\/2020-09-15-monastyr-sant-pere-de-rodes_0015-300x200.jpg 300w, https:\/\/luxm2.com\/wp-content\/uploads\/2020\/09\/2020-09-15-monastyr-sant-pere-de-rodes_0015-768x512.jpg 768w, https:\/\/luxm2.com\/wp-content\/uploads\/2020\/09\/2020-09-15-monastyr-sant-pere-de-rodes_0015-1536x1024.jpg 1536w, https:\/\/luxm2.com\/wp-content\/uploads\/2020\/09\/2020-09-15-monastyr-sant-pere-de-rodes_0015.jpg 1600w\" sizes=\"(max-width: 1024px) 100vw, 1024px\" \/><\/a>Les derniers rayons du soleil couchant illuminent le monast\u00e8re.<\/div>\n<div style=\"text-align: center;\">***<\/div>\n<div style=\"text-align: center;\"><\/div>\n<div style=\"text-align: center;\"><a href=\"https:\/\/luxm2.com\/wp-content\/uploads\/2020\/09\/2020-09-15-monastyr-sant-pere-de-rodes_0016.jpg\" target=\"_blank\" rel=\"noopener noreferrer\"><img decoding=\"async\" class=\"aligncenter wp-image-77233 size-large\" src=\"https:\/\/luxm2.com\/wp-content\/uploads\/2020\/09\/2020-09-15-monastyr-sant-pere-de-rodes_0016-1024x683.jpg\" alt=\"\" width=\"1024\" height=\"683\" srcset=\"https:\/\/luxm2.com\/wp-content\/uploads\/2020\/09\/2020-09-15-monastyr-sant-pere-de-rodes_0016-1024x683.jpg 1024w, https:\/\/luxm2.com\/wp-content\/uploads\/2020\/09\/2020-09-15-monastyr-sant-pere-de-rodes_0016-300x200.jpg 300w, https:\/\/luxm2.com\/wp-content\/uploads\/2020\/09\/2020-09-15-monastyr-sant-pere-de-rodes_0016-768x512.jpg 768w, https:\/\/luxm2.com\/wp-content\/uploads\/2020\/09\/2020-09-15-monastyr-sant-pere-de-rodes_0016-1536x1024.jpg 1536w, https:\/\/luxm2.com\/wp-content\/uploads\/2020\/09\/2020-09-15-monastyr-sant-pere-de-rodes_0016.jpg 1600w\" sizes=\"(max-width: 1024px) 100vw, 1024px\" \/><\/a>La plate-forme d&rsquo;observation surplombe le Cap de Creus et la mer. B\u00e2timents blancs au milieu de la photo &#8211; la ville de Port de la Selva.<\/div>\n<div style=\"text-align: center;\">***<\/div>\n<div style=\"text-align: center;\"><\/div>\n<div style=\"text-align: center;\"><a href=\"https:\/\/luxm2.com\/wp-content\/uploads\/2020\/09\/2020-09-15-monastyr-sant-pere-de-rodes_0017.jpg\" target=\"_blank\" rel=\"noopener noreferrer\"><img decoding=\"async\" class=\"aligncenter wp-image-77238 size-large\" src=\"https:\/\/luxm2.com\/wp-content\/uploads\/2020\/09\/2020-09-15-monastyr-sant-pere-de-rodes_0017-1024x683.jpg\" alt=\"\" width=\"1024\" height=\"683\" srcset=\"https:\/\/luxm2.com\/wp-content\/uploads\/2020\/09\/2020-09-15-monastyr-sant-pere-de-rodes_0017-1024x683.jpg 1024w, https:\/\/luxm2.com\/wp-content\/uploads\/2020\/09\/2020-09-15-monastyr-sant-pere-de-rodes_0017-300x200.jpg 300w, https:\/\/luxm2.com\/wp-content\/uploads\/2020\/09\/2020-09-15-monastyr-sant-pere-de-rodes_0017-768x512.jpg 768w, https:\/\/luxm2.com\/wp-content\/uploads\/2020\/09\/2020-09-15-monastyr-sant-pere-de-rodes_0017-1536x1024.jpg 1536w, https:\/\/luxm2.com\/wp-content\/uploads\/2020\/09\/2020-09-15-monastyr-sant-pere-de-rodes_0017.jpg 1600w\" sizes=\"(max-width: 1024px) 100vw, 1024px\" \/><\/a>Un dernier regard sur les b\u00e2timents monumentaux, il est temps de rentrer \u00e0 la maison!<\/div>\n<h5 style=\"text-align: center;\">***<\/h5>\n<div style=\"text-align: center;\">\n<div>Une histoire plus d\u00e9taill\u00e9e et plus de photos de monast\u00e8re de Sant Pere de Rodes.peuvent \u00eatre trouv\u00e9es sur <a href=\"https:\/\/vladsonm.blogspot.com\/2020\/09\/sant-pere-de-rodes.html\" target=\"_blank\" rel=\"noopener noreferrer\">le lien<\/a> dans notre blog.<\/div>\n<\/div>\n<div style=\"text-align: center;\"><\/div>\n","protected":false},"excerpt":{"rendered":"<p>Sur le versant nord de la pointe est la plus pro\u00e9minente de la p\u00e9ninsule ib\u00e9rique, le Cap de Creus, sur un endroit offrant une vue imprenable sur la mer M\u00e9diterran\u00e9e, se trouve le monast\u00e8re b\u00e9n\u00e9dictin autrefois puissant de Sant Pere de Rodes. Au fait, cet endroit est consid\u00e9r\u00e9 comme l&rsquo;un des endroits les plus visit\u00e9s [&hellip;]<\/p>\n","protected":false},"author":1,"featured_media":77161,"comment_status":"closed","ping_status":"closed","sticky":false,"template":"","format":"standard","meta":{"footnotes":""},"categories":[356],"tags":[],"class_list":["post-77246","post","type-post","status-publish","format-standard","has-post-thumbnail","hentry","category-cbinfo-fr"],"acf":[],"yoast_head":"<!-- This site is optimized with the Yoast SEO plugin v27.4 - https:\/\/yoast.com\/product\/yoast-seo-wordpress\/ -->\n<title>M2 Lux - Monast\u00e8re b\u00e9n\u00e9dictin de Sant Pere de Rodes.<\/title>\n<meta name=\"description\" content=\"Sur le versant nord du pittoresque Cap de Creus se trouve l&#039;imposant et autrefois puissant monast\u00e8re b\u00e9n\u00e9dictin de Sant Pere de Rodes.\" \/>\n<meta name=\"robots\" content=\"index, follow, max-snippet:-1, max-image-preview:large, max-video-preview:-1\" \/>\n<link rel=\"canonical\" href=\"https:\/\/luxm2.com\/fr\/2020-09-15-monastere-de-sant-pere-de-rodes\/\" \/>\n<meta property=\"og:locale\" content=\"fr_FR\" \/>\n<meta property=\"og:type\" content=\"article\" \/>\n<meta property=\"og:title\" content=\"M2 Lux - Monast\u00e8re b\u00e9n\u00e9dictin de Sant Pere de Rodes.\" \/>\n<meta property=\"og:description\" content=\"Sur le versant nord du pittoresque Cap de Creus se trouve l&#039;imposant et autrefois puissant monast\u00e8re b\u00e9n\u00e9dictin de Sant Pere de Rodes.\" \/>\n<meta property=\"og:url\" content=\"https:\/\/luxm2.com\/fr\/2020-09-15-monastere-de-sant-pere-de-rodes\/\" \/>\n<meta property=\"og:site_name\" content=\"M2 Lux\" \/>\n<meta property=\"article:publisher\" content=\"https:\/\/www.facebook.com\/luxm2\/?hc_ref=ARQm5M0UOH26I3A0w4V9JnxdLbywuIk19cmpkoZdQL5sdrhr4Kl4cGjwLW9M9U-wKig&amp;amp%3bamp%3bamp%3bamp%3bamp%3bamp%3bamp%3bamp%3bamp%3bamp%3bamp%3bamp%3bamp%3bamp%3bamp%3bamp%3bamp%3bamp%3bamp%3bamp%3bamp%3bamp%3bamp%3bamp%3bamp%3bamp%3bamp%3bamp%3bamp%3bamp%3bamp%3bamp%3bamp%3bamp%3bamp%3bamp%3bamp%3bamp%3bfref=nf\" \/>\n<meta property=\"article:published_time\" content=\"2020-09-15T11:25:14+00:00\" \/>\n<meta property=\"article:modified_time\" content=\"2020-09-15T11:50:19+00:00\" \/>\n<meta property=\"og:image\" content=\"https:\/\/luxm2.com\/wp-content\/uploads\/2020\/09\/2020-09-15-monastyr-sant-pere-de-rodes_0001.jpg\" \/>\n\t<meta property=\"og:image:width\" content=\"1600\" \/>\n\t<meta property=\"og:image:height\" content=\"1067\" \/>\n\t<meta property=\"og:image:type\" content=\"image\/jpeg\" \/>\n<meta name=\"author\" content=\"admin\" \/>\n<meta name=\"twitter:card\" content=\"summary_large_image\" \/>\n<meta name=\"twitter:label1\" content=\"\u00c9crit par\" \/>\n\t<meta name=\"twitter:data1\" content=\"admin\" \/>\n\t<meta name=\"twitter:label2\" content=\"Dur\u00e9e de lecture estim\u00e9e\" \/>\n\t<meta name=\"twitter:data2\" content=\"5 minutes\" \/>\n<script type=\"application\/ld+json\" class=\"yoast-schema-graph\">{\"@context\":\"https:\\\/\\\/schema.org\",\"@graph\":[{\"@type\":\"Article\",\"@id\":\"https:\\\/\\\/luxm2.com\\\/fr\\\/2020-09-15-monastere-de-sant-pere-de-rodes\\\/#article\",\"isPartOf\":{\"@id\":\"https:\\\/\\\/luxm2.com\\\/fr\\\/2020-09-15-monastere-de-sant-pere-de-rodes\\\/\"},\"author\":{\"name\":\"admin\",\"@id\":\"https:\\\/\\\/luxm2.com\\\/fr\\\/#\\\/schema\\\/person\\\/a7cbf86e5aa53e28f329a51b0ef2e1ab\"},\"headline\":\"Monast\u00e8re de Sant Pere de Rodes\",\"datePublished\":\"2020-09-15T11:25:14+00:00\",\"dateModified\":\"2020-09-15T11:50:19+00:00\",\"mainEntityOfPage\":{\"@id\":\"https:\\\/\\\/luxm2.com\\\/fr\\\/2020-09-15-monastere-de-sant-pere-de-rodes\\\/\"},\"wordCount\":971,\"publisher\":{\"@id\":\"https:\\\/\\\/luxm2.com\\\/fr\\\/#organization\"},\"image\":{\"@id\":\"https:\\\/\\\/luxm2.com\\\/fr\\\/2020-09-15-monastere-de-sant-pere-de-rodes\\\/#primaryimage\"},\"thumbnailUrl\":\"https:\\\/\\\/luxm2.com\\\/wp-content\\\/uploads\\\/2020\\\/09\\\/2020-09-15-monastyr-sant-pere-de-rodes_0001.jpg\",\"articleSection\":[\"Points d&#039;int\u00e9r\u00eat\"],\"inLanguage\":\"fr-FR\"},{\"@type\":\"WebPage\",\"@id\":\"https:\\\/\\\/luxm2.com\\\/fr\\\/2020-09-15-monastere-de-sant-pere-de-rodes\\\/\",\"url\":\"https:\\\/\\\/luxm2.com\\\/fr\\\/2020-09-15-monastere-de-sant-pere-de-rodes\\\/\",\"name\":\"M2 Lux - Monast\u00e8re b\u00e9n\u00e9dictin de Sant Pere de Rodes.\",\"isPartOf\":{\"@id\":\"https:\\\/\\\/luxm2.com\\\/fr\\\/#website\"},\"primaryImageOfPage\":{\"@id\":\"https:\\\/\\\/luxm2.com\\\/fr\\\/2020-09-15-monastere-de-sant-pere-de-rodes\\\/#primaryimage\"},\"image\":{\"@id\":\"https:\\\/\\\/luxm2.com\\\/fr\\\/2020-09-15-monastere-de-sant-pere-de-rodes\\\/#primaryimage\"},\"thumbnailUrl\":\"https:\\\/\\\/luxm2.com\\\/wp-content\\\/uploads\\\/2020\\\/09\\\/2020-09-15-monastyr-sant-pere-de-rodes_0001.jpg\",\"datePublished\":\"2020-09-15T11:25:14+00:00\",\"dateModified\":\"2020-09-15T11:50:19+00:00\",\"description\":\"Sur le versant nord du pittoresque Cap de Creus se trouve l'imposant et autrefois puissant monast\u00e8re b\u00e9n\u00e9dictin de Sant Pere de Rodes.\",\"breadcrumb\":{\"@id\":\"https:\\\/\\\/luxm2.com\\\/fr\\\/2020-09-15-monastere-de-sant-pere-de-rodes\\\/#breadcrumb\"},\"inLanguage\":\"fr-FR\",\"potentialAction\":[{\"@type\":\"ReadAction\",\"target\":[\"https:\\\/\\\/luxm2.com\\\/fr\\\/2020-09-15-monastere-de-sant-pere-de-rodes\\\/\"]}]},{\"@type\":\"ImageObject\",\"inLanguage\":\"fr-FR\",\"@id\":\"https:\\\/\\\/luxm2.com\\\/fr\\\/2020-09-15-monastere-de-sant-pere-de-rodes\\\/#primaryimage\",\"url\":\"https:\\\/\\\/luxm2.com\\\/wp-content\\\/uploads\\\/2020\\\/09\\\/2020-09-15-monastyr-sant-pere-de-rodes_0001.jpg\",\"contentUrl\":\"https:\\\/\\\/luxm2.com\\\/wp-content\\\/uploads\\\/2020\\\/09\\\/2020-09-15-monastyr-sant-pere-de-rodes_0001.jpg\",\"width\":1600,\"height\":1067,\"caption\":\"\u041c\u043e\u043d\u0430\u0441\u0442\u044b\u0440\u044c Sant Pere de Rodes\"},{\"@type\":\"BreadcrumbList\",\"@id\":\"https:\\\/\\\/luxm2.com\\\/fr\\\/2020-09-15-monastere-de-sant-pere-de-rodes\\\/#breadcrumb\",\"itemListElement\":[{\"@type\":\"ListItem\",\"position\":1,\"name\":\"Home\",\"item\":\"https:\\\/\\\/luxm2.com\\\/fr\\\/\"},{\"@type\":\"ListItem\",\"position\":2,\"name\":\"Points d&#039;int\u00e9r\u00eat\",\"item\":\"https:\\\/\\\/luxm2.com\\\/fr\\\/category\\\/cbinfo-fr\\\/\"},{\"@type\":\"ListItem\",\"position\":3,\"name\":\"Monast\u00e8re de Sant Pere de Rodes\"}]},{\"@type\":\"WebSite\",\"@id\":\"https:\\\/\\\/luxm2.com\\\/fr\\\/#website\",\"url\":\"https:\\\/\\\/luxm2.com\\\/fr\\\/\",\"name\":\"M2 Lux\",\"description\":\"M2 Lux Real Estate Agency\",\"publisher\":{\"@id\":\"https:\\\/\\\/luxm2.com\\\/fr\\\/#organization\"},\"potentialAction\":[{\"@type\":\"SearchAction\",\"target\":{\"@type\":\"EntryPoint\",\"urlTemplate\":\"https:\\\/\\\/luxm2.com\\\/fr\\\/?s={search_term_string}\"},\"query-input\":{\"@type\":\"PropertyValueSpecification\",\"valueRequired\":true,\"valueName\":\"search_term_string\"}}],\"inLanguage\":\"fr-FR\"},{\"@type\":\"Organization\",\"@id\":\"https:\\\/\\\/luxm2.com\\\/fr\\\/#organization\",\"name\":\"Brokerage & Consulting M2 Lux S.L.\",\"url\":\"https:\\\/\\\/luxm2.com\\\/fr\\\/\",\"logo\":{\"@type\":\"ImageObject\",\"inLanguage\":\"fr-FR\",\"@id\":\"https:\\\/\\\/luxm2.com\\\/fr\\\/#\\\/schema\\\/logo\\\/image\\\/\",\"url\":\"https:\\\/\\\/luxm2.com\\\/wp-content\\\/uploads\\\/2017\\\/08\\\/LUX-M2-without-border-500.jpg\",\"contentUrl\":\"https:\\\/\\\/luxm2.com\\\/wp-content\\\/uploads\\\/2017\\\/08\\\/LUX-M2-without-border-500.jpg\",\"width\":500,\"height\":500,\"caption\":\"Brokerage & Consulting M2 Lux S.L.\"},\"image\":{\"@id\":\"https:\\\/\\\/luxm2.com\\\/fr\\\/#\\\/schema\\\/logo\\\/image\\\/\"},\"sameAs\":[\"https:\\\/\\\/www.facebook.com\\\/luxm2\\\/?hc_ref=ARQm5M0UOH26I3A0w4V9JnxdLbywuIk19cmpkoZdQL5sdrhr4Kl4cGjwLW9M9U-wKig&amp;amp;amp;amp;amp;amp;amp;amp;amp;amp;amp;amp;amp;amp;amp;amp;amp;amp;amp;amp;amp;amp;amp;amp;amp;amp;amp;amp;amp;amp;amp;amp;amp;amp;amp;amp;amp;amp;fref=nf\",\"https:\\\/\\\/www.instagram.com\\\/m2luxspain\\\/\",\"https:\\\/\\\/www.pinterest.es\\\/m2luximmo\\\/\"]},{\"@type\":\"Person\",\"@id\":\"https:\\\/\\\/luxm2.com\\\/fr\\\/#\\\/schema\\\/person\\\/a7cbf86e5aa53e28f329a51b0ef2e1ab\",\"name\":\"admin\",\"image\":{\"@type\":\"ImageObject\",\"inLanguage\":\"fr-FR\",\"@id\":\"https:\\\/\\\/luxm2.com\\\/wp-content\\\/litespeed\\\/avatar\\\/c926f74982654e1c0506c827b8316352.jpg?ver=1777233247\",\"url\":\"https:\\\/\\\/luxm2.com\\\/wp-content\\\/litespeed\\\/avatar\\\/c926f74982654e1c0506c827b8316352.jpg?ver=1777233247\",\"contentUrl\":\"https:\\\/\\\/luxm2.com\\\/wp-content\\\/litespeed\\\/avatar\\\/c926f74982654e1c0506c827b8316352.jpg?ver=1777233247\",\"caption\":\"admin\"}}]}<\/script>\n<!-- \/ Yoast SEO plugin. -->","yoast_head_json":{"title":"M2 Lux - Monast\u00e8re b\u00e9n\u00e9dictin de Sant Pere de Rodes.","description":"Sur le versant nord du pittoresque Cap de Creus se trouve l'imposant et autrefois puissant monast\u00e8re b\u00e9n\u00e9dictin de Sant Pere de Rodes.","robots":{"index":"index","follow":"follow","max-snippet":"max-snippet:-1","max-image-preview":"max-image-preview:large","max-video-preview":"max-video-preview:-1"},"canonical":"https:\/\/luxm2.com\/fr\/2020-09-15-monastere-de-sant-pere-de-rodes\/","og_locale":"fr_FR","og_type":"article","og_title":"M2 Lux - Monast\u00e8re b\u00e9n\u00e9dictin de Sant Pere de Rodes.","og_description":"Sur le versant nord du pittoresque Cap de Creus se trouve l'imposant et autrefois puissant monast\u00e8re b\u00e9n\u00e9dictin de Sant Pere de Rodes.","og_url":"https:\/\/luxm2.com\/fr\/2020-09-15-monastere-de-sant-pere-de-rodes\/","og_site_name":"M2 Lux","article_publisher":"https:\/\/www.facebook.com\/luxm2\/?hc_ref=ARQm5M0UOH26I3A0w4V9JnxdLbywuIk19cmpkoZdQL5sdrhr4Kl4cGjwLW9M9U-wKig&amp%3bamp%3bamp%3bamp%3bamp%3bamp%3bamp%3bamp%3bamp%3bamp%3bamp%3bamp%3bamp%3bamp%3bamp%3bamp%3bamp%3bamp%3bamp%3bamp%3bamp%3bamp%3bamp%3bamp%3bamp%3bamp%3bamp%3bamp%3bamp%3bamp%3bamp%3bamp%3bamp%3bamp%3bamp%3bamp%3bamp%3bamp%3bfref=nf","article_published_time":"2020-09-15T11:25:14+00:00","article_modified_time":"2020-09-15T11:50:19+00:00","og_image":[{"width":1600,"height":1067,"url":"https:\/\/luxm2.com\/wp-content\/uploads\/2020\/09\/2020-09-15-monastyr-sant-pere-de-rodes_0001.jpg","type":"image\/jpeg"}],"author":"admin","twitter_card":"summary_large_image","twitter_misc":{"\u00c9crit par":"admin","Dur\u00e9e de lecture estim\u00e9e":"5 minutes"},"schema":{"@context":"https:\/\/schema.org","@graph":[{"@type":"Article","@id":"https:\/\/luxm2.com\/fr\/2020-09-15-monastere-de-sant-pere-de-rodes\/#article","isPartOf":{"@id":"https:\/\/luxm2.com\/fr\/2020-09-15-monastere-de-sant-pere-de-rodes\/"},"author":{"name":"admin","@id":"https:\/\/luxm2.com\/fr\/#\/schema\/person\/a7cbf86e5aa53e28f329a51b0ef2e1ab"},"headline":"Monast\u00e8re de Sant Pere de Rodes","datePublished":"2020-09-15T11:25:14+00:00","dateModified":"2020-09-15T11:50:19+00:00","mainEntityOfPage":{"@id":"https:\/\/luxm2.com\/fr\/2020-09-15-monastere-de-sant-pere-de-rodes\/"},"wordCount":971,"publisher":{"@id":"https:\/\/luxm2.com\/fr\/#organization"},"image":{"@id":"https:\/\/luxm2.com\/fr\/2020-09-15-monastere-de-sant-pere-de-rodes\/#primaryimage"},"thumbnailUrl":"https:\/\/luxm2.com\/wp-content\/uploads\/2020\/09\/2020-09-15-monastyr-sant-pere-de-rodes_0001.jpg","articleSection":["Points d&#039;int\u00e9r\u00eat"],"inLanguage":"fr-FR"},{"@type":"WebPage","@id":"https:\/\/luxm2.com\/fr\/2020-09-15-monastere-de-sant-pere-de-rodes\/","url":"https:\/\/luxm2.com\/fr\/2020-09-15-monastere-de-sant-pere-de-rodes\/","name":"M2 Lux - Monast\u00e8re b\u00e9n\u00e9dictin de Sant Pere de Rodes.","isPartOf":{"@id":"https:\/\/luxm2.com\/fr\/#website"},"primaryImageOfPage":{"@id":"https:\/\/luxm2.com\/fr\/2020-09-15-monastere-de-sant-pere-de-rodes\/#primaryimage"},"image":{"@id":"https:\/\/luxm2.com\/fr\/2020-09-15-monastere-de-sant-pere-de-rodes\/#primaryimage"},"thumbnailUrl":"https:\/\/luxm2.com\/wp-content\/uploads\/2020\/09\/2020-09-15-monastyr-sant-pere-de-rodes_0001.jpg","datePublished":"2020-09-15T11:25:14+00:00","dateModified":"2020-09-15T11:50:19+00:00","description":"Sur le versant nord du pittoresque Cap de Creus se trouve l'imposant et autrefois puissant monast\u00e8re b\u00e9n\u00e9dictin de Sant Pere de Rodes.","breadcrumb":{"@id":"https:\/\/luxm2.com\/fr\/2020-09-15-monastere-de-sant-pere-de-rodes\/#breadcrumb"},"inLanguage":"fr-FR","potentialAction":[{"@type":"ReadAction","target":["https:\/\/luxm2.com\/fr\/2020-09-15-monastere-de-sant-pere-de-rodes\/"]}]},{"@type":"ImageObject","inLanguage":"fr-FR","@id":"https:\/\/luxm2.com\/fr\/2020-09-15-monastere-de-sant-pere-de-rodes\/#primaryimage","url":"https:\/\/luxm2.com\/wp-content\/uploads\/2020\/09\/2020-09-15-monastyr-sant-pere-de-rodes_0001.jpg","contentUrl":"https:\/\/luxm2.com\/wp-content\/uploads\/2020\/09\/2020-09-15-monastyr-sant-pere-de-rodes_0001.jpg","width":1600,"height":1067,"caption":"\u041c\u043e\u043d\u0430\u0441\u0442\u044b\u0440\u044c Sant Pere de Rodes"},{"@type":"BreadcrumbList","@id":"https:\/\/luxm2.com\/fr\/2020-09-15-monastere-de-sant-pere-de-rodes\/#breadcrumb","itemListElement":[{"@type":"ListItem","position":1,"name":"Home","item":"https:\/\/luxm2.com\/fr\/"},{"@type":"ListItem","position":2,"name":"Points d&#039;int\u00e9r\u00eat","item":"https:\/\/luxm2.com\/fr\/category\/cbinfo-fr\/"},{"@type":"ListItem","position":3,"name":"Monast\u00e8re de Sant Pere de Rodes"}]},{"@type":"WebSite","@id":"https:\/\/luxm2.com\/fr\/#website","url":"https:\/\/luxm2.com\/fr\/","name":"M2 Lux","description":"M2 Lux Real Estate Agency","publisher":{"@id":"https:\/\/luxm2.com\/fr\/#organization"},"potentialAction":[{"@type":"SearchAction","target":{"@type":"EntryPoint","urlTemplate":"https:\/\/luxm2.com\/fr\/?s={search_term_string}"},"query-input":{"@type":"PropertyValueSpecification","valueRequired":true,"valueName":"search_term_string"}}],"inLanguage":"fr-FR"},{"@type":"Organization","@id":"https:\/\/luxm2.com\/fr\/#organization","name":"Brokerage & Consulting M2 Lux S.L.","url":"https:\/\/luxm2.com\/fr\/","logo":{"@type":"ImageObject","inLanguage":"fr-FR","@id":"https:\/\/luxm2.com\/fr\/#\/schema\/logo\/image\/","url":"https:\/\/luxm2.com\/wp-content\/uploads\/2017\/08\/LUX-M2-without-border-500.jpg","contentUrl":"https:\/\/luxm2.com\/wp-content\/uploads\/2017\/08\/LUX-M2-without-border-500.jpg","width":500,"height":500,"caption":"Brokerage & Consulting M2 Lux S.L."},"image":{"@id":"https:\/\/luxm2.com\/fr\/#\/schema\/logo\/image\/"},"sameAs":["https:\/\/www.facebook.com\/luxm2\/?hc_ref=ARQm5M0UOH26I3A0w4V9JnxdLbywuIk19cmpkoZdQL5sdrhr4Kl4cGjwLW9M9U-wKig&amp;amp;amp;amp;amp;amp;amp;amp;amp;amp;amp;amp;amp;amp;amp;amp;amp;amp;amp;amp;amp;amp;amp;amp;amp;amp;amp;amp;amp;amp;amp;amp;amp;amp;amp;amp;amp;amp;fref=nf","https:\/\/www.instagram.com\/m2luxspain\/","https:\/\/www.pinterest.es\/m2luximmo\/"]},{"@type":"Person","@id":"https:\/\/luxm2.com\/fr\/#\/schema\/person\/a7cbf86e5aa53e28f329a51b0ef2e1ab","name":"admin","image":{"@type":"ImageObject","inLanguage":"fr-FR","@id":"https:\/\/luxm2.com\/wp-content\/litespeed\/avatar\/c926f74982654e1c0506c827b8316352.jpg?ver=1777233247","url":"https:\/\/luxm2.com\/wp-content\/litespeed\/avatar\/c926f74982654e1c0506c827b8316352.jpg?ver=1777233247","contentUrl":"https:\/\/luxm2.com\/wp-content\/litespeed\/avatar\/c926f74982654e1c0506c827b8316352.jpg?ver=1777233247","caption":"admin"}}]}},"_links":{"self":[{"href":"https:\/\/luxm2.com\/fr\/wp-json\/wp\/v2\/posts\/77246","targetHints":{"allow":["GET"]}}],"collection":[{"href":"https:\/\/luxm2.com\/fr\/wp-json\/wp\/v2\/posts"}],"about":[{"href":"https:\/\/luxm2.com\/fr\/wp-json\/wp\/v2\/types\/post"}],"author":[{"embeddable":true,"href":"https:\/\/luxm2.com\/fr\/wp-json\/wp\/v2\/users\/1"}],"replies":[{"embeddable":true,"href":"https:\/\/luxm2.com\/fr\/wp-json\/wp\/v2\/comments?post=77246"}],"version-history":[{"count":0,"href":"https:\/\/luxm2.com\/fr\/wp-json\/wp\/v2\/posts\/77246\/revisions"}],"wp:featuredmedia":[{"embeddable":true,"href":"https:\/\/luxm2.com\/fr\/wp-json\/wp\/v2\/media\/77161"}],"wp:attachment":[{"href":"https:\/\/luxm2.com\/fr\/wp-json\/wp\/v2\/media?parent=77246"}],"wp:term":[{"taxonomy":"category","embeddable":true,"href":"https:\/\/luxm2.com\/fr\/wp-json\/wp\/v2\/categories?post=77246"},{"taxonomy":"post_tag","embeddable":true,"href":"https:\/\/luxm2.com\/fr\/wp-json\/wp\/v2\/tags?post=77246"}],"curies":[{"name":"wp","href":"https:\/\/api.w.org\/{rel}","templated":true}]}}