{"id":92098,"date":"2018-06-20T17:55:47","date_gmt":"2018-06-20T15:55:47","guid":{"rendered":"https:\/\/luxm2.com\/?p=92098"},"modified":"2021-05-07T20:20:00","modified_gmt":"2021-05-07T18:20:00","slug":"2018-06-20-jardines-de-cap-roig","status":"publish","type":"post","link":"https:\/\/luxm2.com\/es\/2018-06-20-jardines-de-cap-roig\/","title":{"rendered":"Jardines de Cap Roig"},"content":{"rendered":"<p>En las afueras del peque\u00f1o pueblo de Calella de Palafrugell, en un acantilado rocoso con vistas fant\u00e1sticas de la Costa Brava y la bah\u00eda de Calella, se encuentran los mundialmente famosos Jardines de Cap Roig.<br \/>\nLos jardines fueron creados en los a\u00f1os 30 del siglo XX por el ex coronel de las tropas zaristas rusas Nikolai Voevodsky, as\u00ed como por su esposa inglesa Dorothy Webster.<\/p>\n<p>Hoy tenemos la gran oportunidad de disfrutar de un precioso jard\u00edn bot\u00e1nico con magn\u00edficas vistas al mar Mediterr\u00e1neo. Los jardines cubren 17 hect\u00e1reas de costa y aqu\u00ed se recolectan m\u00e1s de 1,000 plantas de todo el mundo. En los jardines se exhiben esculturas de reconocidos talentos espa\u00f1oles e internacionales. En el territorio del jard\u00edn bot\u00e1nico tambi\u00e9n hay un castillo que perteneci\u00f3 a la pareja Voevodsky.<\/p>\n<p>Hoy, los jardines de Cap Roig, entre otros sitios (como el museo <a href=\"https:\/\/cosmocaixa.org\" target=\"_blank\" rel=\"noopener\">CosmoCaixa<\/a> de Barcelona), se encuentran entre los \u00absitios sociales\u00bb (obra social) del famoso banco catal\u00e1n La Caixa.<\/p>\n<p>Bueno, en verano, no olvide visitar el igualmente famoso festival de m\u00fasica de verano del mismo nombre, <a href=\"https:\/\/www.caproigfestival.com\" target=\"_blank\" rel=\"noopener\">Cap Roig Festival<\/a>, donde las estrellas del mundo vienen a actuar: Elton John, Sting, Rod Stewart, Mark Knopfler, Lady Gaga, as\u00ed como las celebridades espa\u00f1olas locales.<\/p>\n<p>Os invitamos a realizar un recorrido virtual por este magn\u00edfico lugar.<\/p>\n<p><!--more--><\/p>\n<p style=\"text-align: center;\"><a href=\"https:\/\/luxm2.com\/wp-content\/uploads\/2018\/06\/sady-cap-roig_0002.jpg\" target=\"_blank\" rel=\"noopener\"><img decoding=\"async\" class=\"aligncenter wp-image-91984 size-large\" src=\"https:\/\/luxm2.com\/wp-content\/uploads\/2018\/06\/sady-cap-roig_0002-1024x683.jpg\" alt=\"\u0421\u0430\u0434\u044b Cap Roig\" width=\"1024\" height=\"683\" srcset=\"https:\/\/luxm2.com\/wp-content\/uploads\/2018\/06\/sady-cap-roig_0002-1024x683.jpg 1024w, https:\/\/luxm2.com\/wp-content\/uploads\/2018\/06\/sady-cap-roig_0002-300x200.jpg 300w, https:\/\/luxm2.com\/wp-content\/uploads\/2018\/06\/sady-cap-roig_0002-768x512.jpg 768w, https:\/\/luxm2.com\/wp-content\/uploads\/2018\/06\/sady-cap-roig_0002-1536x1024.jpg 1536w, https:\/\/luxm2.com\/wp-content\/uploads\/2018\/06\/sady-cap-roig_0002.jpg 1600w\" sizes=\"(max-width: 1024px) 100vw, 1024px\" \/><\/a>Entrada a los jardines de Cap Roig. Anteriormente, en esta parte viv\u00eda el personal que trabajaba en la construcci\u00f3n del jard\u00edn bot\u00e1nico y el castillo de Voevodsky.<\/p>\n<h5 style=\"text-align: center;\"><strong>***<\/strong><\/h5>\n<p style=\"text-align: center;\"><a href=\"https:\/\/luxm2.com\/wp-content\/uploads\/2018\/06\/sady-cap-roig_0003.jpg\" target=\"_blank\" rel=\"noopener\"><img decoding=\"async\" class=\"aligncenter wp-image-91984 size-large\" src=\"https:\/\/luxm2.com\/wp-content\/uploads\/2018\/06\/sady-cap-roig_0003-1024x683.jpg\" alt=\"\u0421\u0430\u0434\u044b Cap Roig\" width=\"1024\" height=\"683\" \/><\/a>Bajamos por una amplia ruta de senderismo, disfrutando de las vistas del mar Mediterr\u00e1neo.<br \/>\n***<\/p>\n<p style=\"text-align: center;\"><a href=\"https:\/\/luxm2.com\/wp-content\/uploads\/2018\/06\/sady-cap-roig_0004.jpg\" target=\"_blank\" rel=\"noopener\"><img decoding=\"async\" class=\"aligncenter wp-image-91984 size-large\" src=\"https:\/\/luxm2.com\/wp-content\/uploads\/2018\/06\/sady-cap-roig_0004-1024x683.jpg\" alt=\"\u0421\u0430\u0434\u044b Cap Roig\" width=\"1024\" height=\"683\" \/><\/a>Uno solo puede adivinar qu\u00e9 esfuerzos tit\u00e1nicos se requirieron para crear un jard\u00edn bot\u00e1nico en un acantilado cubierto de pinos mediterr\u00e1neos.<br \/>\n***<\/p>\n<p style=\"text-align: center;\"><a href=\"https:\/\/luxm2.com\/wp-content\/uploads\/2018\/06\/sady-cap-roig_0005.jpg\" target=\"_blank\" rel=\"noopener\"><img decoding=\"async\" class=\"aligncenter wp-image-91984 size-large\" src=\"https:\/\/luxm2.com\/wp-content\/uploads\/2018\/06\/sady-cap-roig_0005-1024x683.jpg\" alt=\"\u0421\u0430\u0434\u044b Cap Roig\" width=\"1024\" height=\"683\" \/><\/a>Se requiere tanto esfuerzo para mantener los jardines en excelentes condiciones. \u00a1Puedes caminar sin cesar por estos senderos! A la derecha hay entrada al jard\u00edn de palmeras.<br \/>\n***<\/p>\n<p style=\"text-align: center;\"><a href=\"https:\/\/luxm2.com\/wp-content\/uploads\/2018\/06\/sady-cap-roig_0006.jpg\" target=\"_blank\" rel=\"noopener\"><img decoding=\"async\" class=\"aligncenter wp-image-91984 size-large\" src=\"https:\/\/luxm2.com\/wp-content\/uploads\/2018\/06\/sady-cap-roig_0006-1024x683.jpg\" alt=\"\u0421\u0430\u0434\u044b Cap Roig\" width=\"1024\" height=\"683\" \/><\/a>En los Jardines de Cap Roig siempre hay un espacio para sentarse, relajarse y contemplar en paz el esplendor que la naturaleza ha creado en alianza con las manos cuidadosas y h\u00e1biles de los jardineros.<\/p>\n<h5 style=\"text-align: center;\"><strong>***<\/strong><\/h5>\n<p style=\"text-align: center;\"><a href=\"https:\/\/luxm2.com\/wp-content\/uploads\/2018\/06\/sady-cap-roig_0007.jpg\" target=\"_blank\" rel=\"noopener\"><img decoding=\"async\" class=\"aligncenter wp-image-91984 size-large\" src=\"https:\/\/luxm2.com\/wp-content\/uploads\/2018\/06\/sady-cap-roig_0007-1024x683.jpg\" alt=\"\" width=\"1024\" height=\"683\" \/><\/a>A lo largo de los senderos del jard\u00edn, aqu\u00ed y all\u00e1 hay diversas composiciones e instalaciones escult\u00f3ricas, para todos los gustos y colores.<br \/>\n***<\/p>\n<p style=\"text-align: center;\"><a href=\"https:\/\/luxm2.com\/wp-content\/uploads\/2018\/06\/sady-cap-roig_0008.jpg\" target=\"_blank\" rel=\"noopener\"><img decoding=\"async\" class=\"aligncenter wp-image-91984 size-large\" src=\"https:\/\/luxm2.com\/wp-content\/uploads\/2018\/06\/sady-cap-roig_0008-1024x683.jpg\" alt=\"\" width=\"1024\" height=\"683\" \/><\/a>Plaza de Festival con vistas al castillo de Cap Roig. Durante la construcci\u00f3n del castillo se utilizaron fragmentos de antiguas mas\u00edas semidestruidas; estos fragmentos fueron adquiridos en los pueblos de toda Catalu\u00f1a.<br \/>\n***<\/p>\n<p style=\"text-align: center;\"><a href=\"https:\/\/luxm2.com\/wp-content\/uploads\/2018\/06\/sady-cap-roig_0009.jpg\" target=\"_blank\" rel=\"noopener\"><img decoding=\"async\" class=\"aligncenter wp-image-91984 size-large\" src=\"https:\/\/luxm2.com\/wp-content\/uploads\/2018\/06\/sady-cap-roig_0009-1024x683.jpg\" alt=\"\" width=\"1024\" height=\"683\" \/><\/a>Descenso de la Plaza de Festival hacia el \u00abJard\u00edn del Coronel\u00bb. Cada parte del Jard\u00edn Bot\u00e1nico de Cap Roig tiene su propio nombre.<br \/>\n***<\/p>\n<p style=\"text-align: center;\"><a href=\"https:\/\/luxm2.com\/wp-content\/uploads\/2018\/06\/sady-cap-roig_0010.jpg\" target=\"_blank\" rel=\"noopener\"><img decoding=\"async\" class=\"aligncenter wp-image-91984 size-large\" src=\"https:\/\/luxm2.com\/wp-content\/uploads\/2018\/06\/sady-cap-roig_0010-1024x683.jpg\" alt=\"\" width=\"1024\" height=\"683\" \/><\/a>Vista del castillo desde el \u00abMirador de la Lady\u00bb.<br \/>\n***<\/p>\n<p style=\"text-align: center;\"><a href=\"https:\/\/luxm2.com\/wp-content\/uploads\/2018\/06\/sady-cap-roig_0011.jpg\" target=\"_blank\" rel=\"noopener\"><img decoding=\"async\" class=\"aligncenter wp-image-91984 size-large\" src=\"https:\/\/luxm2.com\/wp-content\/uploads\/2018\/06\/sady-cap-roig_0011-1024x683.jpg\" alt=\"\" width=\"1024\" height=\"683\" \/><\/a>Una vista de las bah\u00edas y la ciudad de Calella de Palafrugell desde el \u00abPlaza del T\u00e9\u00bb &#8211; a los antiguos propietarios del castillo les gustaba tomar el t\u00e9 aqu\u00ed.<\/p>\n<h5 style=\"text-align: center;\"><strong>***<\/strong><\/h5>\n<p style=\"text-align: center;\"><a href=\"https:\/\/luxm2.com\/wp-content\/uploads\/2018\/06\/sady-cap-roig_0012.jpg\" target=\"_blank\" rel=\"noopener\"><img decoding=\"async\" class=\"aligncenter wp-image-91984 size-large\" src=\"https:\/\/luxm2.com\/wp-content\/uploads\/2018\/06\/sady-cap-roig_0012-1024x683.jpg\" alt=\"\" width=\"1024\" height=\"683\" \/><\/a>\u00abJardin de los Cactus\u00bb.<br \/>\n***<\/p>\n<p style=\"text-align: center;\"><a href=\"https:\/\/luxm2.com\/wp-content\/uploads\/2018\/06\/sady-cap-roig_0013.jpg\" target=\"_blank\" rel=\"noopener\"><img decoding=\"async\" class=\"aligncenter wp-image-91984 size-large\" src=\"https:\/\/luxm2.com\/wp-content\/uploads\/2018\/06\/sady-cap-roig_0013-1024x683.jpg\" alt=\"\" width=\"1024\" height=\"683\" \/><\/a>Vista al mar desde el \u00abMirador de las Hormigas\u00bb.<br \/>\n***<\/p>\n<p style=\"text-align: center;\"><a href=\"https:\/\/luxm2.com\/wp-content\/uploads\/2018\/06\/sady-cap-roig_0014.jpg\" target=\"_blank\" rel=\"noopener\"><img decoding=\"async\" class=\"aligncenter wp-image-91984 size-large\" src=\"https:\/\/luxm2.com\/wp-content\/uploads\/2018\/06\/sady-cap-roig_0014-1024x683.jpg\" alt=\"\" width=\"1024\" height=\"683\" \/><\/a>Vuestro mano involuntariamente alcanza la c\u00e1mara literalmente a cada paso en los jardines de Cap Roig.<br \/>\n***<\/p>\n<p style=\"text-align: center;\"><a href=\"https:\/\/luxm2.com\/wp-content\/uploads\/2018\/06\/sady-cap-roig_0015.jpg\" target=\"_blank\" rel=\"noopener\"><img decoding=\"async\" class=\"aligncenter wp-image-91984 size-large\" src=\"https:\/\/luxm2.com\/wp-content\/uploads\/2018\/06\/sady-cap-roig_0015-1024x683.jpg\" alt=\"Jardines de Cap Roig\" width=\"1024\" height=\"683\" \/><\/a>Los incre\u00edbles aromas de las plantas con flores a\u00f1aden un sabor indescriptible al aire oxigenado de la Costa Brava. \u00a1No todos los habitantes de la ciudad pueden soportar esto!<br \/>\n***<\/p>\n<p style=\"text-align: center;\"><a href=\"https:\/\/luxm2.com\/wp-content\/uploads\/2018\/06\/sady-cap-roig_0016.jpg\" target=\"_blank\" rel=\"noopener\"><img decoding=\"async\" class=\"aligncenter wp-image-91984 size-large\" src=\"https:\/\/luxm2.com\/wp-content\/uploads\/2018\/06\/sady-cap-roig_0016-1024x683.jpg\" alt=\"Jardines de Cap Roig\" width=\"1024\" height=\"683\" \/><\/a>Un camino sobre una pendiente empinada.<\/p>\n<h5 style=\"text-align: center;\"><strong>***<\/strong><\/h5>\n<p style=\"text-align: center;\"><a href=\"https:\/\/luxm2.com\/wp-content\/uploads\/2018\/06\/sady-cap-roig_0017.jpg\" target=\"_blank\" rel=\"noopener\"><img decoding=\"async\" class=\"aligncenter wp-image-91984 size-large\" src=\"https:\/\/luxm2.com\/wp-content\/uploads\/2018\/06\/sady-cap-roig_0017-1024x683.jpg\" alt=\"Jardines de Cap Roig\" width=\"1024\" height=\"683\" \/><\/a>\u00abPaseo de las Torres\u00bb.<br \/>\n***<\/p>\n<p style=\"text-align: center;\"><a href=\"https:\/\/luxm2.com\/wp-content\/uploads\/2018\/06\/sady-cap-roig_0018.jpg\" target=\"_blank\" rel=\"noopener\"><img decoding=\"async\" class=\"aligncenter wp-image-91984 size-large\" src=\"https:\/\/luxm2.com\/wp-content\/uploads\/2018\/06\/sady-cap-roig_0018-1024x683.jpg\" alt=\"\" width=\"1024\" height=\"683\" \/><\/a>Esas mismas torres. Anteriormente, la entrada principal se encontraba aqu\u00ed.<br \/>\n***<\/p>\n<p style=\"text-align: center;\"><a href=\"https:\/\/luxm2.com\/wp-content\/uploads\/2018\/06\/sady-cap-roig_0019.jpg\" target=\"_blank\" rel=\"noopener\"><img decoding=\"async\" class=\"aligncenter wp-image-91984 size-large\" src=\"https:\/\/luxm2.com\/wp-content\/uploads\/2018\/06\/sady-cap-roig_0019-1024x683.jpg\" alt=\"\" width=\"1024\" height=\"683\" \/><\/a>Vista del castillo desde el \u00abPaseo de las Torres\u00bb.<br \/>\n***<\/p>\n<p style=\"text-align: center;\"><a href=\"https:\/\/luxm2.com\/wp-content\/uploads\/2018\/06\/sady-cap-roig_0020.jpg\" target=\"_blank\" rel=\"noopener\"><img decoding=\"async\" class=\"aligncenter wp-image-91984 size-large\" src=\"https:\/\/luxm2.com\/wp-content\/uploads\/2018\/06\/sady-cap-roig_0020-1024x683.jpg\" alt=\"\" width=\"1024\" height=\"683\" \/><\/a>Composici\u00f3n del artista catal\u00e1n Quim Domene llamada Pic Nic (2008) con vistas al castillo de Cap Roig. Talladas en l\u00e1minas de metal curvas est\u00e1n las palabras del poeta catal\u00e1n de principios del siglo XX Joan Salvat-Papasseit de su poema \u00abLa casa que vull\u00bb (La casa que quiero). El poema trata sobre una casa de ensue\u00f1o, m\u00e1s o menos igual al que la familia Voevodsky construy\u00f3 para s\u00ed mismos en este lugar encantador.<\/p>\n<h5 style=\"text-align: center;\"><strong>***<\/strong><\/h5>\n<p>Se puede ver un cuento m\u00e1s detallado sobre la historia de la creaci\u00f3n de los magn\u00edficos jardines de Cap Roig, as\u00ed como muchas fotos, siguiendo este <a href=\"http:\/\/vladsonm.blogspot.com\/2018\/06\/jardins-de-cap-roig.html\" target=\"_blank\" rel=\"noopener\">enlace<\/a> de nuestro blog.<\/p>\n","protected":false},"excerpt":{"rendered":"<p>En las afueras del peque\u00f1o pueblo de Calella de Palafrugell, en un acantilado rocoso con vistas fant\u00e1sticas de la Costa Brava y la bah\u00eda de Calella, se encuentran los mundialmente famosos Jardines de Cap Roig. Los jardines fueron creados en los a\u00f1os 30 del siglo XX por el ex coronel de las tropas zaristas rusas [&hellip;]<\/p>\n","protected":false},"author":1,"featured_media":91980,"comment_status":"closed","ping_status":"closed","sticky":false,"template":"","format":"standard","meta":{"footnotes":""},"categories":[351],"tags":[],"class_list":["post-92098","post","type-post","status-publish","format-standard","has-post-thumbnail","hentry","category-cbinfo-es"],"acf":[],"yoast_head":"<!-- This site is optimized with the Yoast SEO plugin v27.4 - https:\/\/yoast.com\/product\/yoast-seo-wordpress\/ -->\n<title>M2 Lux - Jardines Cap Roig, Calella de Palafrugell.<\/title>\n<meta name=\"description\" content=\"En las afueras del peque\u00f1o pueblo de Calella de Palafrugell, sobre un acantilado rocoso, se encuentran los famosos jardines de Cap Roig.\" \/>\n<meta name=\"robots\" content=\"index, follow, max-snippet:-1, max-image-preview:large, max-video-preview:-1\" \/>\n<link rel=\"canonical\" href=\"https:\/\/luxm2.com\/es\/2018-06-20-jardines-de-cap-roig\/\" \/>\n<meta property=\"og:locale\" content=\"es_ES\" \/>\n<meta property=\"og:type\" content=\"article\" \/>\n<meta property=\"og:title\" content=\"M2 Lux - Jardines Cap Roig, Calella de Palafrugell.\" \/>\n<meta property=\"og:description\" content=\"En las afueras del peque\u00f1o pueblo de Calella de Palafrugell, sobre un acantilado rocoso, se encuentran los famosos jardines de Cap Roig.\" \/>\n<meta property=\"og:url\" content=\"https:\/\/luxm2.com\/es\/2018-06-20-jardines-de-cap-roig\/\" \/>\n<meta property=\"og:site_name\" content=\"M2 Lux\" \/>\n<meta property=\"article:publisher\" content=\"https:\/\/www.facebook.com\/luxm2\/?hc_ref=ARQm5M0UOH26I3A0w4V9JnxdLbywuIk19cmpkoZdQL5sdrhr4Kl4cGjwLW9M9U-wKig&amp;amp%3bamp%3bamp%3bamp%3bamp%3bamp%3bamp%3bamp%3bamp%3bamp%3bamp%3bamp%3bamp%3bamp%3bamp%3bamp%3bamp%3bamp%3bamp%3bamp%3bamp%3bamp%3bamp%3bamp%3bamp%3bamp%3bamp%3bamp%3bamp%3bamp%3bamp%3bamp%3bamp%3bamp%3bamp%3bamp%3bamp%3bamp%3bfref=nf\" \/>\n<meta property=\"article:published_time\" content=\"2018-06-20T15:55:47+00:00\" \/>\n<meta property=\"article:modified_time\" content=\"2021-05-07T18:20:00+00:00\" \/>\n<meta property=\"og:image\" content=\"https:\/\/luxm2.com\/wp-content\/uploads\/2018\/06\/sady-cap-roig_0001.jpg\" \/>\n\t<meta property=\"og:image:width\" content=\"1600\" \/>\n\t<meta property=\"og:image:height\" content=\"1067\" \/>\n\t<meta property=\"og:image:type\" content=\"image\/jpeg\" \/>\n<meta name=\"author\" content=\"admin\" \/>\n<meta name=\"twitter:card\" content=\"summary_large_image\" \/>\n<meta name=\"twitter:image\" content=\"https:\/\/luxm2.com\/wp-content\/uploads\/2018\/06\/sady-cap-roig_0001.jpg\" \/>\n<meta name=\"twitter:label1\" content=\"Escrito por\" \/>\n\t<meta name=\"twitter:data1\" content=\"admin\" \/>\n\t<meta name=\"twitter:label2\" content=\"Tiempo de lectura\" \/>\n\t<meta name=\"twitter:data2\" content=\"7 minutos\" \/>\n<script type=\"application\/ld+json\" class=\"yoast-schema-graph\">{\"@context\":\"https:\\\/\\\/schema.org\",\"@graph\":[{\"@type\":\"Article\",\"@id\":\"https:\\\/\\\/luxm2.com\\\/es\\\/2018-06-20-jardines-de-cap-roig\\\/#article\",\"isPartOf\":{\"@id\":\"https:\\\/\\\/luxm2.com\\\/es\\\/2018-06-20-jardines-de-cap-roig\\\/\"},\"author\":{\"name\":\"admin\",\"@id\":\"https:\\\/\\\/luxm2.com\\\/es\\\/#\\\/schema\\\/person\\\/a7cbf86e5aa53e28f329a51b0ef2e1ab\"},\"headline\":\"Jardines de Cap Roig\",\"datePublished\":\"2018-06-20T15:55:47+00:00\",\"dateModified\":\"2021-05-07T18:20:00+00:00\",\"mainEntityOfPage\":{\"@id\":\"https:\\\/\\\/luxm2.com\\\/es\\\/2018-06-20-jardines-de-cap-roig\\\/\"},\"wordCount\":694,\"publisher\":{\"@id\":\"https:\\\/\\\/luxm2.com\\\/es\\\/#organization\"},\"image\":{\"@id\":\"https:\\\/\\\/luxm2.com\\\/es\\\/2018-06-20-jardines-de-cap-roig\\\/#primaryimage\"},\"thumbnailUrl\":\"https:\\\/\\\/luxm2.com\\\/wp-content\\\/uploads\\\/2018\\\/06\\\/sady-cap-roig_0001.jpg\",\"articleSection\":[\"Puntos de inter\u00e9s\"],\"inLanguage\":\"es\"},{\"@type\":\"WebPage\",\"@id\":\"https:\\\/\\\/luxm2.com\\\/es\\\/2018-06-20-jardines-de-cap-roig\\\/\",\"url\":\"https:\\\/\\\/luxm2.com\\\/es\\\/2018-06-20-jardines-de-cap-roig\\\/\",\"name\":\"M2 Lux - Jardines Cap Roig, Calella de Palafrugell.\",\"isPartOf\":{\"@id\":\"https:\\\/\\\/luxm2.com\\\/es\\\/#website\"},\"primaryImageOfPage\":{\"@id\":\"https:\\\/\\\/luxm2.com\\\/es\\\/2018-06-20-jardines-de-cap-roig\\\/#primaryimage\"},\"image\":{\"@id\":\"https:\\\/\\\/luxm2.com\\\/es\\\/2018-06-20-jardines-de-cap-roig\\\/#primaryimage\"},\"thumbnailUrl\":\"https:\\\/\\\/luxm2.com\\\/wp-content\\\/uploads\\\/2018\\\/06\\\/sady-cap-roig_0001.jpg\",\"datePublished\":\"2018-06-20T15:55:47+00:00\",\"dateModified\":\"2021-05-07T18:20:00+00:00\",\"description\":\"En las afueras del peque\u00f1o pueblo de Calella de Palafrugell, sobre un acantilado rocoso, se encuentran los famosos jardines de Cap Roig.\",\"breadcrumb\":{\"@id\":\"https:\\\/\\\/luxm2.com\\\/es\\\/2018-06-20-jardines-de-cap-roig\\\/#breadcrumb\"},\"inLanguage\":\"es\",\"potentialAction\":[{\"@type\":\"ReadAction\",\"target\":[\"https:\\\/\\\/luxm2.com\\\/es\\\/2018-06-20-jardines-de-cap-roig\\\/\"]}]},{\"@type\":\"ImageObject\",\"inLanguage\":\"es\",\"@id\":\"https:\\\/\\\/luxm2.com\\\/es\\\/2018-06-20-jardines-de-cap-roig\\\/#primaryimage\",\"url\":\"https:\\\/\\\/luxm2.com\\\/wp-content\\\/uploads\\\/2018\\\/06\\\/sady-cap-roig_0001.jpg\",\"contentUrl\":\"https:\\\/\\\/luxm2.com\\\/wp-content\\\/uploads\\\/2018\\\/06\\\/sady-cap-roig_0001.jpg\",\"width\":1600,\"height\":1067,\"caption\":\"\u0421\u0430\u0434\u044b Cap Roig\"},{\"@type\":\"BreadcrumbList\",\"@id\":\"https:\\\/\\\/luxm2.com\\\/es\\\/2018-06-20-jardines-de-cap-roig\\\/#breadcrumb\",\"itemListElement\":[{\"@type\":\"ListItem\",\"position\":1,\"name\":\"Home\",\"item\":\"https:\\\/\\\/luxm2.com\\\/es\\\/\"},{\"@type\":\"ListItem\",\"position\":2,\"name\":\"Puntos de inter\u00e9s\",\"item\":\"https:\\\/\\\/luxm2.com\\\/es\\\/category\\\/cbinfo-es\\\/\"},{\"@type\":\"ListItem\",\"position\":3,\"name\":\"Jardines de Cap Roig\"}]},{\"@type\":\"WebSite\",\"@id\":\"https:\\\/\\\/luxm2.com\\\/es\\\/#website\",\"url\":\"https:\\\/\\\/luxm2.com\\\/es\\\/\",\"name\":\"M2 Lux\",\"description\":\"M2 Lux Real Estate Agency\",\"publisher\":{\"@id\":\"https:\\\/\\\/luxm2.com\\\/es\\\/#organization\"},\"potentialAction\":[{\"@type\":\"SearchAction\",\"target\":{\"@type\":\"EntryPoint\",\"urlTemplate\":\"https:\\\/\\\/luxm2.com\\\/es\\\/?s={search_term_string}\"},\"query-input\":{\"@type\":\"PropertyValueSpecification\",\"valueRequired\":true,\"valueName\":\"search_term_string\"}}],\"inLanguage\":\"es\"},{\"@type\":\"Organization\",\"@id\":\"https:\\\/\\\/luxm2.com\\\/es\\\/#organization\",\"name\":\"Brokerage & Consulting M2 Lux S.L.\",\"url\":\"https:\\\/\\\/luxm2.com\\\/es\\\/\",\"logo\":{\"@type\":\"ImageObject\",\"inLanguage\":\"es\",\"@id\":\"https:\\\/\\\/luxm2.com\\\/es\\\/#\\\/schema\\\/logo\\\/image\\\/\",\"url\":\"https:\\\/\\\/luxm2.com\\\/wp-content\\\/uploads\\\/2017\\\/08\\\/LUX-M2-without-border-500.jpg\",\"contentUrl\":\"https:\\\/\\\/luxm2.com\\\/wp-content\\\/uploads\\\/2017\\\/08\\\/LUX-M2-without-border-500.jpg\",\"width\":500,\"height\":500,\"caption\":\"Brokerage & Consulting M2 Lux S.L.\"},\"image\":{\"@id\":\"https:\\\/\\\/luxm2.com\\\/es\\\/#\\\/schema\\\/logo\\\/image\\\/\"},\"sameAs\":[\"https:\\\/\\\/www.facebook.com\\\/luxm2\\\/?hc_ref=ARQm5M0UOH26I3A0w4V9JnxdLbywuIk19cmpkoZdQL5sdrhr4Kl4cGjwLW9M9U-wKig&amp;amp;amp;amp;amp;amp;amp;amp;amp;amp;amp;amp;amp;amp;amp;amp;amp;amp;amp;amp;amp;amp;amp;amp;amp;amp;amp;amp;amp;amp;amp;amp;amp;amp;amp;amp;amp;amp;fref=nf\",\"https:\\\/\\\/www.instagram.com\\\/m2luxspain\\\/\",\"https:\\\/\\\/www.pinterest.es\\\/m2luximmo\\\/\"]},{\"@type\":\"Person\",\"@id\":\"https:\\\/\\\/luxm2.com\\\/es\\\/#\\\/schema\\\/person\\\/a7cbf86e5aa53e28f329a51b0ef2e1ab\",\"name\":\"admin\",\"image\":{\"@type\":\"ImageObject\",\"inLanguage\":\"es\",\"@id\":\"https:\\\/\\\/luxm2.com\\\/wp-content\\\/litespeed\\\/avatar\\\/c926f74982654e1c0506c827b8316352.jpg?ver=1777233247\",\"url\":\"https:\\\/\\\/luxm2.com\\\/wp-content\\\/litespeed\\\/avatar\\\/c926f74982654e1c0506c827b8316352.jpg?ver=1777233247\",\"contentUrl\":\"https:\\\/\\\/luxm2.com\\\/wp-content\\\/litespeed\\\/avatar\\\/c926f74982654e1c0506c827b8316352.jpg?ver=1777233247\",\"caption\":\"admin\"}}]}<\/script>\n<!-- \/ Yoast SEO plugin. -->","yoast_head_json":{"title":"M2 Lux - Jardines Cap Roig, Calella de Palafrugell.","description":"En las afueras del peque\u00f1o pueblo de Calella de Palafrugell, sobre un acantilado rocoso, se encuentran los famosos jardines de Cap Roig.","robots":{"index":"index","follow":"follow","max-snippet":"max-snippet:-1","max-image-preview":"max-image-preview:large","max-video-preview":"max-video-preview:-1"},"canonical":"https:\/\/luxm2.com\/es\/2018-06-20-jardines-de-cap-roig\/","og_locale":"es_ES","og_type":"article","og_title":"M2 Lux - Jardines Cap Roig, Calella de Palafrugell.","og_description":"En las afueras del peque\u00f1o pueblo de Calella de Palafrugell, sobre un acantilado rocoso, se encuentran los famosos jardines de Cap Roig.","og_url":"https:\/\/luxm2.com\/es\/2018-06-20-jardines-de-cap-roig\/","og_site_name":"M2 Lux","article_publisher":"https:\/\/www.facebook.com\/luxm2\/?hc_ref=ARQm5M0UOH26I3A0w4V9JnxdLbywuIk19cmpkoZdQL5sdrhr4Kl4cGjwLW9M9U-wKig&amp%3bamp%3bamp%3bamp%3bamp%3bamp%3bamp%3bamp%3bamp%3bamp%3bamp%3bamp%3bamp%3bamp%3bamp%3bamp%3bamp%3bamp%3bamp%3bamp%3bamp%3bamp%3bamp%3bamp%3bamp%3bamp%3bamp%3bamp%3bamp%3bamp%3bamp%3bamp%3bamp%3bamp%3bamp%3bamp%3bamp%3bamp%3bfref=nf","article_published_time":"2018-06-20T15:55:47+00:00","article_modified_time":"2021-05-07T18:20:00+00:00","og_image":[{"width":1600,"height":1067,"url":"https:\/\/luxm2.com\/wp-content\/uploads\/2018\/06\/sady-cap-roig_0001.jpg","type":"image\/jpeg"}],"author":"admin","twitter_card":"summary_large_image","twitter_image":"https:\/\/luxm2.com\/wp-content\/uploads\/2018\/06\/sady-cap-roig_0001.jpg","twitter_misc":{"Escrito por":"admin","Tiempo de lectura":"7 minutos"},"schema":{"@context":"https:\/\/schema.org","@graph":[{"@type":"Article","@id":"https:\/\/luxm2.com\/es\/2018-06-20-jardines-de-cap-roig\/#article","isPartOf":{"@id":"https:\/\/luxm2.com\/es\/2018-06-20-jardines-de-cap-roig\/"},"author":{"name":"admin","@id":"https:\/\/luxm2.com\/es\/#\/schema\/person\/a7cbf86e5aa53e28f329a51b0ef2e1ab"},"headline":"Jardines de Cap Roig","datePublished":"2018-06-20T15:55:47+00:00","dateModified":"2021-05-07T18:20:00+00:00","mainEntityOfPage":{"@id":"https:\/\/luxm2.com\/es\/2018-06-20-jardines-de-cap-roig\/"},"wordCount":694,"publisher":{"@id":"https:\/\/luxm2.com\/es\/#organization"},"image":{"@id":"https:\/\/luxm2.com\/es\/2018-06-20-jardines-de-cap-roig\/#primaryimage"},"thumbnailUrl":"https:\/\/luxm2.com\/wp-content\/uploads\/2018\/06\/sady-cap-roig_0001.jpg","articleSection":["Puntos de inter\u00e9s"],"inLanguage":"es"},{"@type":"WebPage","@id":"https:\/\/luxm2.com\/es\/2018-06-20-jardines-de-cap-roig\/","url":"https:\/\/luxm2.com\/es\/2018-06-20-jardines-de-cap-roig\/","name":"M2 Lux - Jardines Cap Roig, Calella de Palafrugell.","isPartOf":{"@id":"https:\/\/luxm2.com\/es\/#website"},"primaryImageOfPage":{"@id":"https:\/\/luxm2.com\/es\/2018-06-20-jardines-de-cap-roig\/#primaryimage"},"image":{"@id":"https:\/\/luxm2.com\/es\/2018-06-20-jardines-de-cap-roig\/#primaryimage"},"thumbnailUrl":"https:\/\/luxm2.com\/wp-content\/uploads\/2018\/06\/sady-cap-roig_0001.jpg","datePublished":"2018-06-20T15:55:47+00:00","dateModified":"2021-05-07T18:20:00+00:00","description":"En las afueras del peque\u00f1o pueblo de Calella de Palafrugell, sobre un acantilado rocoso, se encuentran los famosos jardines de Cap Roig.","breadcrumb":{"@id":"https:\/\/luxm2.com\/es\/2018-06-20-jardines-de-cap-roig\/#breadcrumb"},"inLanguage":"es","potentialAction":[{"@type":"ReadAction","target":["https:\/\/luxm2.com\/es\/2018-06-20-jardines-de-cap-roig\/"]}]},{"@type":"ImageObject","inLanguage":"es","@id":"https:\/\/luxm2.com\/es\/2018-06-20-jardines-de-cap-roig\/#primaryimage","url":"https:\/\/luxm2.com\/wp-content\/uploads\/2018\/06\/sady-cap-roig_0001.jpg","contentUrl":"https:\/\/luxm2.com\/wp-content\/uploads\/2018\/06\/sady-cap-roig_0001.jpg","width":1600,"height":1067,"caption":"\u0421\u0430\u0434\u044b Cap Roig"},{"@type":"BreadcrumbList","@id":"https:\/\/luxm2.com\/es\/2018-06-20-jardines-de-cap-roig\/#breadcrumb","itemListElement":[{"@type":"ListItem","position":1,"name":"Home","item":"https:\/\/luxm2.com\/es\/"},{"@type":"ListItem","position":2,"name":"Puntos de inter\u00e9s","item":"https:\/\/luxm2.com\/es\/category\/cbinfo-es\/"},{"@type":"ListItem","position":3,"name":"Jardines de Cap Roig"}]},{"@type":"WebSite","@id":"https:\/\/luxm2.com\/es\/#website","url":"https:\/\/luxm2.com\/es\/","name":"M2 Lux","description":"M2 Lux Real Estate Agency","publisher":{"@id":"https:\/\/luxm2.com\/es\/#organization"},"potentialAction":[{"@type":"SearchAction","target":{"@type":"EntryPoint","urlTemplate":"https:\/\/luxm2.com\/es\/?s={search_term_string}"},"query-input":{"@type":"PropertyValueSpecification","valueRequired":true,"valueName":"search_term_string"}}],"inLanguage":"es"},{"@type":"Organization","@id":"https:\/\/luxm2.com\/es\/#organization","name":"Brokerage & Consulting M2 Lux S.L.","url":"https:\/\/luxm2.com\/es\/","logo":{"@type":"ImageObject","inLanguage":"es","@id":"https:\/\/luxm2.com\/es\/#\/schema\/logo\/image\/","url":"https:\/\/luxm2.com\/wp-content\/uploads\/2017\/08\/LUX-M2-without-border-500.jpg","contentUrl":"https:\/\/luxm2.com\/wp-content\/uploads\/2017\/08\/LUX-M2-without-border-500.jpg","width":500,"height":500,"caption":"Brokerage & Consulting M2 Lux S.L."},"image":{"@id":"https:\/\/luxm2.com\/es\/#\/schema\/logo\/image\/"},"sameAs":["https:\/\/www.facebook.com\/luxm2\/?hc_ref=ARQm5M0UOH26I3A0w4V9JnxdLbywuIk19cmpkoZdQL5sdrhr4Kl4cGjwLW9M9U-wKig&amp;amp;amp;amp;amp;amp;amp;amp;amp;amp;amp;amp;amp;amp;amp;amp;amp;amp;amp;amp;amp;amp;amp;amp;amp;amp;amp;amp;amp;amp;amp;amp;amp;amp;amp;amp;amp;amp;fref=nf","https:\/\/www.instagram.com\/m2luxspain\/","https:\/\/www.pinterest.es\/m2luximmo\/"]},{"@type":"Person","@id":"https:\/\/luxm2.com\/es\/#\/schema\/person\/a7cbf86e5aa53e28f329a51b0ef2e1ab","name":"admin","image":{"@type":"ImageObject","inLanguage":"es","@id":"https:\/\/luxm2.com\/wp-content\/litespeed\/avatar\/c926f74982654e1c0506c827b8316352.jpg?ver=1777233247","url":"https:\/\/luxm2.com\/wp-content\/litespeed\/avatar\/c926f74982654e1c0506c827b8316352.jpg?ver=1777233247","contentUrl":"https:\/\/luxm2.com\/wp-content\/litespeed\/avatar\/c926f74982654e1c0506c827b8316352.jpg?ver=1777233247","caption":"admin"}}]}},"_links":{"self":[{"href":"https:\/\/luxm2.com\/es\/wp-json\/wp\/v2\/posts\/92098","targetHints":{"allow":["GET"]}}],"collection":[{"href":"https:\/\/luxm2.com\/es\/wp-json\/wp\/v2\/posts"}],"about":[{"href":"https:\/\/luxm2.com\/es\/wp-json\/wp\/v2\/types\/post"}],"author":[{"embeddable":true,"href":"https:\/\/luxm2.com\/es\/wp-json\/wp\/v2\/users\/1"}],"replies":[{"embeddable":true,"href":"https:\/\/luxm2.com\/es\/wp-json\/wp\/v2\/comments?post=92098"}],"version-history":[{"count":0,"href":"https:\/\/luxm2.com\/es\/wp-json\/wp\/v2\/posts\/92098\/revisions"}],"wp:featuredmedia":[{"embeddable":true,"href":"https:\/\/luxm2.com\/es\/wp-json\/wp\/v2\/media\/91980"}],"wp:attachment":[{"href":"https:\/\/luxm2.com\/es\/wp-json\/wp\/v2\/media?parent=92098"}],"wp:term":[{"taxonomy":"category","embeddable":true,"href":"https:\/\/luxm2.com\/es\/wp-json\/wp\/v2\/categories?post=92098"},{"taxonomy":"post_tag","embeddable":true,"href":"https:\/\/luxm2.com\/es\/wp-json\/wp\/v2\/tags?post=92098"}],"curies":[{"name":"wp","href":"https:\/\/api.w.org\/{rel}","templated":true}]}}