{"id":61303,"date":"2016-02-11T16:36:19","date_gmt":"2016-02-11T15:36:19","guid":{"rendered":"https:\/\/luxm2.com\/carnaval-en-playa-de-aro-2016\/"},"modified":"2020-09-15T22:00:18","modified_gmt":"2020-09-15T20:00:18","slug":"2016-02-11-carnaval-playa-de-aro-2016","status":"publish","type":"post","link":"https:\/\/luxm2.com\/es\/2016-02-11-carnaval-playa-de-aro-2016\/","title":{"rendered":"Carnaval en Playa de Aro 2016"},"content":{"rendered":"<h4><span style=\"color: #00bbaa;\"><strong>Carnaval en Playa de Aro 2016.<\/strong><\/span><\/h4>\n<div>El 6 de febrero de 2016, se llev\u00f3 a cabo un evento ruidoso tradicional en la calle central de <a href=\"http:\/\/www.platjadaro.com\/\" target=\"_blank\" rel=\"noopener noreferrer\">Playa de Aro<\/a>, \u00a1el carnaval, pr\u00e1cticamente, el evento central del a\u00f1o!<\/div>\n<div>Los residentes locales que participan en el carnaval comienzan a prepararse con antelaci\u00f3n, inventan y cosen trajes brillantes y memorables, construyen carros de carnaval de dise\u00f1o incre\u00edble.<\/div>\n<div>Si lo hubieran hecho en mayo, cuando las calles son c\u00e1lidas y verdes, \u00a1no tendr\u00eda precio! Pero dado que el carnaval se lleva a cabo en Playa de Aro en invierno, debes vestirte m\u00e1s abrigado, beber algo que contenga alcohol para mantenerte caliente dentro (\u00a1los m\u00e9dicos lo recomiendan!) y apresurarte r\u00e1pidamente a la ciudad. Encontrar un aparcamiento libre en este d\u00eda es una tarea bastante dif\u00edcil, as\u00ed como encontrar un lugar mejor para ver la procesi\u00f3n del carnaval.<\/div>\n<div><\/div>\n<div>Terminemos de hablar y veamos qu\u00e9 pas\u00f3 all\u00ed.<\/div>\n<p style=\"text-align: left;\"><!--more--><\/p>\n<p style=\"text-align: center;\">La primera foto muestra un impresionante barco vikingo.<\/p>\n<h5 style=\"text-align: center;\">***<\/h5>\n<p style=\"text-align: center;\"><a href=\"https:\/\/luxm2.com\/wp-content\/uploads\/2016\/02\/karnaval-v-plajya-de-aro-2016_0002.jpg\" target=\"_blank\" rel=\"noopener noreferrer\"><img decoding=\"async\" class=\"aligncenter wp-image-61233 size-large\" src=\"https:\/\/luxm2.com\/wp-content\/uploads\/2016\/02\/karnaval-v-plajya-de-aro-2016_0002-1024x683.jpg\" alt=\"\u041a\u0430\u0440\u043d\u0430\u0432\u0430\u043b \u0432 \u041f\u043b\u0430\u0439\u044f \u0434\u0435 \u0410\u0440\u043e 2016\" width=\"1024\" height=\"683\" srcset=\"https:\/\/luxm2.com\/wp-content\/uploads\/2016\/02\/karnaval-v-plajya-de-aro-2016_0002-1024x683.jpg 1024w, https:\/\/luxm2.com\/wp-content\/uploads\/2016\/02\/karnaval-v-plajya-de-aro-2016_0002-300x200.jpg 300w, https:\/\/luxm2.com\/wp-content\/uploads\/2016\/02\/karnaval-v-plajya-de-aro-2016_0002-768x512.jpg 768w, https:\/\/luxm2.com\/wp-content\/uploads\/2016\/02\/karnaval-v-plajya-de-aro-2016_0002-1536x1024.jpg 1536w, https:\/\/luxm2.com\/wp-content\/uploads\/2016\/02\/karnaval-v-plajya-de-aro-2016_0002.jpg 1600w\" sizes=\"(max-width: 1024px) 100vw, 1024px\" \/> <\/a>Las chicas de Playa de Aro son bonitas y sonrientes, \u00a1y no solo durante el carnaval!<\/p>\n<p style=\"text-align: center;\">****<a href=\"https:\/\/luxm2.com\/wp-content\/uploads\/2016\/02\/karnaval-v-plajya-de-aro-2016_0003.jpg\" target=\"_blank\" rel=\"noopener noreferrer\"><img decoding=\"async\" class=\"aligncenter wp-image-61238 size-large\" src=\"https:\/\/luxm2.com\/wp-content\/uploads\/2016\/02\/karnaval-v-plajya-de-aro-2016_0003-1024x683.jpg\" alt=\"\u041a\u0430\u0440\u043d\u0430\u0432\u0430\u043b \u0432 \u041f\u043b\u0430\u0439\u044f \u0434\u0435 \u0410\u0440\u043e 2016\" width=\"1024\" height=\"683\" srcset=\"https:\/\/luxm2.com\/wp-content\/uploads\/2016\/02\/karnaval-v-plajya-de-aro-2016_0003-1024x683.jpg 1024w, https:\/\/luxm2.com\/wp-content\/uploads\/2016\/02\/karnaval-v-plajya-de-aro-2016_0003-300x200.jpg 300w, https:\/\/luxm2.com\/wp-content\/uploads\/2016\/02\/karnaval-v-plajya-de-aro-2016_0003-768x512.jpg 768w, https:\/\/luxm2.com\/wp-content\/uploads\/2016\/02\/karnaval-v-plajya-de-aro-2016_0003-1536x1024.jpg 1536w, https:\/\/luxm2.com\/wp-content\/uploads\/2016\/02\/karnaval-v-plajya-de-aro-2016_0003.jpg 1600w\" sizes=\"(max-width: 1024px) 100vw, 1024px\" \/><\/a>Si te encuentras con este personaje por la noche en un callej\u00f3n oscuro, \u00a1es mejor que corras!<\/p>\n<p style=\"text-align: center;\">***<a href=\"https:\/\/luxm2.com\/wp-content\/uploads\/2016\/02\/karnaval-v-plajya-de-aro-2016_0004.jpg\" target=\"_blank\" rel=\"noopener noreferrer\"><img decoding=\"async\" class=\"aligncenter wp-image-61243 size-large\" src=\"https:\/\/luxm2.com\/wp-content\/uploads\/2016\/02\/karnaval-v-plajya-de-aro-2016_0004-1024x683.jpg\" alt=\"\u041a\u0430\u0440\u043d\u0430\u0432\u0430\u043b \u0432 \u041f\u043b\u0430\u0439\u044f \u0434\u0435 \u0410\u0440\u043e 2016\" width=\"1024\" height=\"683\" srcset=\"https:\/\/luxm2.com\/wp-content\/uploads\/2016\/02\/karnaval-v-plajya-de-aro-2016_0004-1024x683.jpg 1024w, https:\/\/luxm2.com\/wp-content\/uploads\/2016\/02\/karnaval-v-plajya-de-aro-2016_0004-300x200.jpg 300w, https:\/\/luxm2.com\/wp-content\/uploads\/2016\/02\/karnaval-v-plajya-de-aro-2016_0004-768x512.jpg 768w, https:\/\/luxm2.com\/wp-content\/uploads\/2016\/02\/karnaval-v-plajya-de-aro-2016_0004-1536x1024.jpg 1536w, https:\/\/luxm2.com\/wp-content\/uploads\/2016\/02\/karnaval-v-plajya-de-aro-2016_0004.jpg 1600w\" sizes=\"(max-width: 1024px) 100vw, 1024px\" \/><\/a>Composici\u00f3n escult\u00f3rica m\u00f3vil \u00abEl tiempo, adelante!\u00bb.<\/p>\n<p style=\"text-align: center;\">****<a href=\"https:\/\/luxm2.com\/wp-content\/uploads\/2016\/02\/karnaval-v-plajya-de-aro-2016_0005.jpg\" target=\"_blank\" rel=\"noopener noreferrer\"><img decoding=\"async\" class=\"aligncenter wp-image-61248 size-large\" src=\"https:\/\/luxm2.com\/wp-content\/uploads\/2016\/02\/karnaval-v-plajya-de-aro-2016_0005-1024x683.jpg\" alt=\"\u041a\u0430\u0440\u043d\u0430\u0432\u0430\u043b \u0432 \u041f\u043b\u0430\u0439\u044f \u0434\u0435 \u0410\u0440\u043e 2016\" width=\"1024\" height=\"683\" srcset=\"https:\/\/luxm2.com\/wp-content\/uploads\/2016\/02\/karnaval-v-plajya-de-aro-2016_0005-1024x683.jpg 1024w, https:\/\/luxm2.com\/wp-content\/uploads\/2016\/02\/karnaval-v-plajya-de-aro-2016_0005-300x200.jpg 300w, https:\/\/luxm2.com\/wp-content\/uploads\/2016\/02\/karnaval-v-plajya-de-aro-2016_0005-768x512.jpg 768w, https:\/\/luxm2.com\/wp-content\/uploads\/2016\/02\/karnaval-v-plajya-de-aro-2016_0005-1536x1024.jpg 1536w, https:\/\/luxm2.com\/wp-content\/uploads\/2016\/02\/karnaval-v-plajya-de-aro-2016_0005.jpg 1600w\" sizes=\"(max-width: 1024px) 100vw, 1024px\" \/><\/a>Un grupo de duros vikingos escandinavos. Hoy, afortunadamente, sin sus dragones domesticos que escupen fuego&#x1f603;.<\/p>\n<p style=\"text-align: center;\">***<a href=\"https:\/\/luxm2.com\/wp-content\/uploads\/2016\/02\/karnaval-v-plajya-de-aro-2016_0006.jpg\" target=\"_blank\" rel=\"noopener noreferrer\"><img decoding=\"async\" class=\"aligncenter wp-image-61253 size-large\" src=\"https:\/\/luxm2.com\/wp-content\/uploads\/2016\/02\/karnaval-v-plajya-de-aro-2016_0006-1024x683.jpg\" alt=\"\" width=\"1024\" height=\"683\" srcset=\"https:\/\/luxm2.com\/wp-content\/uploads\/2016\/02\/karnaval-v-plajya-de-aro-2016_0006-1024x683.jpg 1024w, https:\/\/luxm2.com\/wp-content\/uploads\/2016\/02\/karnaval-v-plajya-de-aro-2016_0006-300x200.jpg 300w, https:\/\/luxm2.com\/wp-content\/uploads\/2016\/02\/karnaval-v-plajya-de-aro-2016_0006-768x512.jpg 768w, https:\/\/luxm2.com\/wp-content\/uploads\/2016\/02\/karnaval-v-plajya-de-aro-2016_0006-1536x1024.jpg 1536w, https:\/\/luxm2.com\/wp-content\/uploads\/2016\/02\/karnaval-v-plajya-de-aro-2016_0006.jpg 1600w\" sizes=\"(max-width: 1024px) 100vw, 1024px\" \/><\/a>Y estas son las hijas del drag\u00f3n chino.<\/p>\n<p style=\"text-align: center;\">****<a href=\"https:\/\/luxm2.com\/wp-content\/uploads\/2016\/02\/karnaval-v-plajya-de-aro-2016_0007.jpg\" target=\"_blank\" rel=\"noopener noreferrer\"><img decoding=\"async\" class=\"aligncenter wp-image-61258 size-large\" src=\"https:\/\/luxm2.com\/wp-content\/uploads\/2016\/02\/karnaval-v-plajya-de-aro-2016_0007-1024x683.jpg\" alt=\"\" width=\"1024\" height=\"683\" srcset=\"https:\/\/luxm2.com\/wp-content\/uploads\/2016\/02\/karnaval-v-plajya-de-aro-2016_0007-1024x683.jpg 1024w, https:\/\/luxm2.com\/wp-content\/uploads\/2016\/02\/karnaval-v-plajya-de-aro-2016_0007-300x200.jpg 300w, https:\/\/luxm2.com\/wp-content\/uploads\/2016\/02\/karnaval-v-plajya-de-aro-2016_0007-768x512.jpg 768w, https:\/\/luxm2.com\/wp-content\/uploads\/2016\/02\/karnaval-v-plajya-de-aro-2016_0007-1536x1024.jpg 1536w, https:\/\/luxm2.com\/wp-content\/uploads\/2016\/02\/karnaval-v-plajya-de-aro-2016_0007.jpg 1600w\" sizes=\"(max-width: 1024px) 100vw, 1024px\" \/><\/a>Un carro de un equipo llamado \u00abJaula llena de mariposas\u00bb.<\/p>\n<p style=\"text-align: center;\">***<a href=\"https:\/\/luxm2.com\/wp-content\/uploads\/2016\/02\/karnaval-v-plajya-de-aro-2016_0008.jpg\" target=\"_blank\" rel=\"noopener noreferrer\"><img decoding=\"async\" class=\"aligncenter wp-image-61263 size-large\" src=\"https:\/\/luxm2.com\/wp-content\/uploads\/2016\/02\/karnaval-v-plajya-de-aro-2016_0008-1024x683.jpg\" alt=\"\" width=\"1024\" height=\"683\" srcset=\"https:\/\/luxm2.com\/wp-content\/uploads\/2016\/02\/karnaval-v-plajya-de-aro-2016_0008-1024x683.jpg 1024w, https:\/\/luxm2.com\/wp-content\/uploads\/2016\/02\/karnaval-v-plajya-de-aro-2016_0008-300x200.jpg 300w, https:\/\/luxm2.com\/wp-content\/uploads\/2016\/02\/karnaval-v-plajya-de-aro-2016_0008-768x512.jpg 768w, https:\/\/luxm2.com\/wp-content\/uploads\/2016\/02\/karnaval-v-plajya-de-aro-2016_0008-1536x1024.jpg 1536w, https:\/\/luxm2.com\/wp-content\/uploads\/2016\/02\/karnaval-v-plajya-de-aro-2016_0008.jpg 1600w\" sizes=\"(max-width: 1024px) 100vw, 1024px\" \/><\/a>Los embajadores del reino submarino llegaron en nombre del rey del mar Poseid\u00f3n para discutir con el ayuntamiento de Playa de Aro las medidas para reducir el nivel de ruido en el agua que producen los turistas nadadores.<\/p>\n<p style=\"text-align: center;\">****<a href=\"https:\/\/luxm2.com\/wp-content\/uploads\/2016\/02\/karnaval-v-plajya-de-aro-2016_0009.jpg\" target=\"_blank\" rel=\"noopener noreferrer\"><img decoding=\"async\" class=\"aligncenter wp-image-61268 size-large\" src=\"https:\/\/luxm2.com\/wp-content\/uploads\/2016\/02\/karnaval-v-plajya-de-aro-2016_0009-1024x683.jpg\" alt=\"Carnaval en Playa de Aro 2016\" width=\"1024\" height=\"683\" srcset=\"https:\/\/luxm2.com\/wp-content\/uploads\/2016\/02\/karnaval-v-plajya-de-aro-2016_0009-1024x683.jpg 1024w, https:\/\/luxm2.com\/wp-content\/uploads\/2016\/02\/karnaval-v-plajya-de-aro-2016_0009-300x200.jpg 300w, https:\/\/luxm2.com\/wp-content\/uploads\/2016\/02\/karnaval-v-plajya-de-aro-2016_0009-768x512.jpg 768w, https:\/\/luxm2.com\/wp-content\/uploads\/2016\/02\/karnaval-v-plajya-de-aro-2016_0009-1536x1024.jpg 1536w, https:\/\/luxm2.com\/wp-content\/uploads\/2016\/02\/karnaval-v-plajya-de-aro-2016_0009.jpg 1600w\" sizes=\"(max-width: 1024px) 100vw, 1024px\" \/><\/a>Representantes del divertido equipo de \u00abGospel Party\u00bb.<\/p>\n<p style=\"text-align: center;\">***<a href=\"https:\/\/luxm2.com\/wp-content\/uploads\/2016\/02\/karnaval-v-plajya-de-aro-2016_0010.jpg\" target=\"_blank\" rel=\"noopener noreferrer\"><img decoding=\"async\" class=\"aligncenter wp-image-61273 size-large\" src=\"https:\/\/luxm2.com\/wp-content\/uploads\/2016\/02\/karnaval-v-plajya-de-aro-2016_0010-1024x683.jpg\" alt=\"Carnaval en Playa de Aro 2016\" width=\"1024\" height=\"683\" srcset=\"https:\/\/luxm2.com\/wp-content\/uploads\/2016\/02\/karnaval-v-plajya-de-aro-2016_0010-1024x683.jpg 1024w, https:\/\/luxm2.com\/wp-content\/uploads\/2016\/02\/karnaval-v-plajya-de-aro-2016_0010-300x200.jpg 300w, https:\/\/luxm2.com\/wp-content\/uploads\/2016\/02\/karnaval-v-plajya-de-aro-2016_0010-768x512.jpg 768w, https:\/\/luxm2.com\/wp-content\/uploads\/2016\/02\/karnaval-v-plajya-de-aro-2016_0010-1536x1024.jpg 1536w, https:\/\/luxm2.com\/wp-content\/uploads\/2016\/02\/karnaval-v-plajya-de-aro-2016_0010.jpg 1600w\" sizes=\"(max-width: 1024px) 100vw, 1024px\" \/><\/a>Castillos medievales catalanes sobre ruedas.<\/p>\n<p style=\"text-align: center;\">****<br \/>\n<a href=\"https:\/\/luxm2.com\/wp-content\/uploads\/2016\/02\/karnaval-v-plajya-de-aro-2016_0011.jpg\" target=\"_blank\" rel=\"noopener noreferrer\"><img decoding=\"async\" class=\"aligncenter wp-image-61278 size-large\" src=\"https:\/\/luxm2.com\/wp-content\/uploads\/2016\/02\/karnaval-v-plajya-de-aro-2016_0011-1024x683.jpg\" alt=\"Carnaval en Playa de Aro 2016\" width=\"1024\" height=\"683\" srcset=\"https:\/\/luxm2.com\/wp-content\/uploads\/2016\/02\/karnaval-v-plajya-de-aro-2016_0011-1024x683.jpg 1024w, https:\/\/luxm2.com\/wp-content\/uploads\/2016\/02\/karnaval-v-plajya-de-aro-2016_0011-300x200.jpg 300w, https:\/\/luxm2.com\/wp-content\/uploads\/2016\/02\/karnaval-v-plajya-de-aro-2016_0011-768x512.jpg 768w, https:\/\/luxm2.com\/wp-content\/uploads\/2016\/02\/karnaval-v-plajya-de-aro-2016_0011-1536x1024.jpg 1536w, https:\/\/luxm2.com\/wp-content\/uploads\/2016\/02\/karnaval-v-plajya-de-aro-2016_0011.jpg 1600w\" sizes=\"(max-width: 1024px) 100vw, 1024px\" \/><\/a>Chicas alegres del equipo de \u00abBarcos de papel\u00bb.<\/p>\n<p style=\"text-align: center;\">***<br \/>\n<a href=\"https:\/\/luxm2.com\/wp-content\/uploads\/2016\/02\/karnaval-v-plajya-de-aro-2016_0012.jpg\" target=\"_blank\" rel=\"noopener noreferrer\"><img decoding=\"async\" class=\"aligncenter wp-image-61283 size-large\" src=\"https:\/\/luxm2.com\/wp-content\/uploads\/2016\/02\/karnaval-v-plajya-de-aro-2016_0012-1024x683.jpg\" alt=\"\" width=\"1024\" height=\"683\" srcset=\"https:\/\/luxm2.com\/wp-content\/uploads\/2016\/02\/karnaval-v-plajya-de-aro-2016_0012-1024x683.jpg 1024w, https:\/\/luxm2.com\/wp-content\/uploads\/2016\/02\/karnaval-v-plajya-de-aro-2016_0012-300x200.jpg 300w, https:\/\/luxm2.com\/wp-content\/uploads\/2016\/02\/karnaval-v-plajya-de-aro-2016_0012-768x512.jpg 768w, https:\/\/luxm2.com\/wp-content\/uploads\/2016\/02\/karnaval-v-plajya-de-aro-2016_0012-1536x1024.jpg 1536w, https:\/\/luxm2.com\/wp-content\/uploads\/2016\/02\/karnaval-v-plajya-de-aro-2016_0012.jpg 1600w\" sizes=\"(max-width: 1024px) 100vw, 1024px\" \/><\/a>Un regimiento de legionarios romanos lleg\u00f3 en m\u00e1quina del tiempo para disfrutar de las \u00faltimas rebajas en Playa de Aro.<\/p>\n<p style=\"text-align: center;\">****<br \/>\n<a href=\"https:\/\/luxm2.com\/wp-content\/uploads\/2016\/02\/karnaval-v-plajya-de-aro-2016_0013.jpg\" target=\"_blank\" rel=\"noopener noreferrer\"><img decoding=\"async\" class=\"aligncenter wp-image-61288 size-large\" src=\"https:\/\/luxm2.com\/wp-content\/uploads\/2016\/02\/karnaval-v-plajya-de-aro-2016_0013-1024x683.jpg\" alt=\"\" width=\"1024\" height=\"683\" srcset=\"https:\/\/luxm2.com\/wp-content\/uploads\/2016\/02\/karnaval-v-plajya-de-aro-2016_0013-1024x683.jpg 1024w, https:\/\/luxm2.com\/wp-content\/uploads\/2016\/02\/karnaval-v-plajya-de-aro-2016_0013-300x200.jpg 300w, https:\/\/luxm2.com\/wp-content\/uploads\/2016\/02\/karnaval-v-plajya-de-aro-2016_0013-768x512.jpg 768w, https:\/\/luxm2.com\/wp-content\/uploads\/2016\/02\/karnaval-v-plajya-de-aro-2016_0013-1536x1024.jpg 1536w, https:\/\/luxm2.com\/wp-content\/uploads\/2016\/02\/karnaval-v-plajya-de-aro-2016_0013.jpg 1600w\" sizes=\"(max-width: 1024px) 100vw, 1024px\" \/><\/a>Sacerdotes catalanes modernistas.<\/p>\n<p style=\"text-align: center;\">***<br \/>\n<a href=\"https:\/\/luxm2.com\/wp-content\/uploads\/2016\/02\/karnaval-v-plajya-de-aro-2016_0014.jpg\" target=\"_blank\" rel=\"noopener noreferrer\"><img decoding=\"async\" class=\"aligncenter wp-image-61293 size-large\" src=\"https:\/\/luxm2.com\/wp-content\/uploads\/2016\/02\/karnaval-v-plajya-de-aro-2016_0014-1024x683.jpg\" alt=\"\" width=\"1024\" height=\"683\" srcset=\"https:\/\/luxm2.com\/wp-content\/uploads\/2016\/02\/karnaval-v-plajya-de-aro-2016_0014-1024x683.jpg 1024w, https:\/\/luxm2.com\/wp-content\/uploads\/2016\/02\/karnaval-v-plajya-de-aro-2016_0014-300x200.jpg 300w, https:\/\/luxm2.com\/wp-content\/uploads\/2016\/02\/karnaval-v-plajya-de-aro-2016_0014-768x512.jpg 768w, https:\/\/luxm2.com\/wp-content\/uploads\/2016\/02\/karnaval-v-plajya-de-aro-2016_0014-1536x1024.jpg 1536w, https:\/\/luxm2.com\/wp-content\/uploads\/2016\/02\/karnaval-v-plajya-de-aro-2016_0014.jpg 1600w\" sizes=\"(max-width: 1024px) 100vw, 1024px\" \/><\/a>\u00a1Esto es lo que les sucede a quienes no respetan las tradiciones locales!<\/p>\n<h5 style=\"text-align: center;\">***<\/h5>\n<p style=\"text-align: center;\">Puede ver m\u00e1s fotos que logramos tomar durante la procesi\u00f3n de carnaval este a\u00f1o siguiendo el <a href=\"https:\/\/vladsonm.blogspot.com\/2016\/02\/2016-platja-daro-carnaval-de-platja.html\" target=\"_blank\" rel=\"noopener noreferrer\">enlace<\/a>. Y <a href=\"https:\/\/luxm2.com\/es\/2015-02-14-carnaval-en-playa-de-aro\/\" target=\"_blank\" rel=\"noopener noreferrer\">aqu\u00ed<\/a> puede ver las fotos del carnaval en Playa de Aro en 2015.<\/p>\n","protected":false},"excerpt":{"rendered":"<p>Carnaval en Playa de Aro 2016. El 6 de febrero de 2016, se llev\u00f3 a cabo un evento ruidoso tradicional en la calle central de Playa de Aro, \u00a1el carnaval, pr\u00e1cticamente, el evento central del a\u00f1o! Los residentes locales que participan en el carnaval comienzan a prepararse con antelaci\u00f3n, inventan y cosen trajes brillantes y [&hellip;]<\/p>\n","protected":false},"author":1,"featured_media":61232,"comment_status":"closed","ping_status":"closed","sticky":false,"template":"","format":"standard","meta":{"footnotes":""},"categories":[251,351],"tags":[],"class_list":["post-61303","post","type-post","status-publish","format-standard","has-post-thumbnail","hentry","category-local-news-es","category-cbinfo-es"],"acf":[],"yoast_head":"<!-- This site is optimized with the Yoast SEO plugin v27.4 - https:\/\/yoast.com\/product\/yoast-seo-wordpress\/ -->\n<title>M2 Lux - Carnaval Tradicional en Playa de Aro 2016<\/title>\n<meta name=\"description\" content=\"El 6 de febrero de 2016, se llev\u00f3 a cabo un evento ruidoso tradicional en la calle central de Playa de Aro, \u00a1el carnaval, el evento central del a\u00f1o!\" \/>\n<meta name=\"robots\" content=\"index, follow, max-snippet:-1, max-image-preview:large, max-video-preview:-1\" \/>\n<link rel=\"canonical\" href=\"https:\/\/luxm2.com\/es\/2016-02-11-carnaval-playa-de-aro-2016\/\" \/>\n<meta property=\"og:locale\" content=\"es_ES\" \/>\n<meta property=\"og:type\" content=\"article\" \/>\n<meta property=\"og:title\" content=\"M2 Lux - Carnaval Tradicional en Playa de Aro 2016\" \/>\n<meta property=\"og:description\" content=\"El 6 de febrero de 2016, se llev\u00f3 a cabo un evento ruidoso tradicional en la calle central de Playa de Aro, \u00a1el carnaval, el evento central del a\u00f1o!\" \/>\n<meta property=\"og:url\" content=\"https:\/\/luxm2.com\/es\/2016-02-11-carnaval-playa-de-aro-2016\/\" \/>\n<meta property=\"og:site_name\" content=\"M2 Lux\" \/>\n<meta property=\"article:publisher\" content=\"https:\/\/www.facebook.com\/luxm2\/?hc_ref=ARQm5M0UOH26I3A0w4V9JnxdLbywuIk19cmpkoZdQL5sdrhr4Kl4cGjwLW9M9U-wKig&amp;amp%3bamp%3bamp%3bamp%3bamp%3bamp%3bamp%3bamp%3bamp%3bamp%3bamp%3bamp%3bamp%3bamp%3bamp%3bamp%3bamp%3bamp%3bamp%3bamp%3bamp%3bamp%3bamp%3bamp%3bamp%3bamp%3bamp%3bamp%3bamp%3bamp%3bamp%3bamp%3bamp%3bamp%3bamp%3bamp%3bamp%3bamp%3bfref=nf\" \/>\n<meta property=\"article:published_time\" content=\"2016-02-11T15:36:19+00:00\" \/>\n<meta property=\"article:modified_time\" content=\"2020-09-15T20:00:18+00:00\" \/>\n<meta property=\"og:image\" content=\"https:\/\/luxm2.com\/wp-content\/uploads\/2016\/02\/karnaval-v-plajya-de-aro-2016_0001.jpg\" \/>\n\t<meta property=\"og:image:width\" content=\"1600\" \/>\n\t<meta property=\"og:image:height\" content=\"1067\" \/>\n\t<meta property=\"og:image:type\" content=\"image\/jpeg\" \/>\n<meta name=\"author\" content=\"admin\" \/>\n<meta name=\"twitter:card\" content=\"summary_large_image\" \/>\n<meta name=\"twitter:label1\" content=\"Escrito por\" \/>\n\t<meta name=\"twitter:data1\" content=\"admin\" \/>\n\t<meta name=\"twitter:label2\" content=\"Tiempo de lectura\" \/>\n\t<meta name=\"twitter:data2\" content=\"2 minutos\" \/>\n<script type=\"application\/ld+json\" class=\"yoast-schema-graph\">{\"@context\":\"https:\\\/\\\/schema.org\",\"@graph\":[{\"@type\":\"Article\",\"@id\":\"https:\\\/\\\/luxm2.com\\\/es\\\/2016-02-11-carnaval-playa-de-aro-2016\\\/#article\",\"isPartOf\":{\"@id\":\"https:\\\/\\\/luxm2.com\\\/es\\\/2016-02-11-carnaval-playa-de-aro-2016\\\/\"},\"author\":{\"name\":\"admin\",\"@id\":\"https:\\\/\\\/luxm2.com\\\/es\\\/#\\\/schema\\\/person\\\/a7cbf86e5aa53e28f329a51b0ef2e1ab\"},\"headline\":\"Carnaval en Playa de Aro 2016\",\"datePublished\":\"2016-02-11T15:36:19+00:00\",\"dateModified\":\"2020-09-15T20:00:18+00:00\",\"mainEntityOfPage\":{\"@id\":\"https:\\\/\\\/luxm2.com\\\/es\\\/2016-02-11-carnaval-playa-de-aro-2016\\\/\"},\"wordCount\":380,\"publisher\":{\"@id\":\"https:\\\/\\\/luxm2.com\\\/es\\\/#organization\"},\"image\":{\"@id\":\"https:\\\/\\\/luxm2.com\\\/es\\\/2016-02-11-carnaval-playa-de-aro-2016\\\/#primaryimage\"},\"thumbnailUrl\":\"https:\\\/\\\/luxm2.com\\\/wp-content\\\/uploads\\\/2016\\\/02\\\/karnaval-v-plajya-de-aro-2016_0001.jpg\",\"articleSection\":[\"Noticias locales\",\"Puntos de inter\u00e9s\"],\"inLanguage\":\"es\"},{\"@type\":\"WebPage\",\"@id\":\"https:\\\/\\\/luxm2.com\\\/es\\\/2016-02-11-carnaval-playa-de-aro-2016\\\/\",\"url\":\"https:\\\/\\\/luxm2.com\\\/es\\\/2016-02-11-carnaval-playa-de-aro-2016\\\/\",\"name\":\"M2 Lux - Carnaval Tradicional en Playa de Aro 2016\",\"isPartOf\":{\"@id\":\"https:\\\/\\\/luxm2.com\\\/es\\\/#website\"},\"primaryImageOfPage\":{\"@id\":\"https:\\\/\\\/luxm2.com\\\/es\\\/2016-02-11-carnaval-playa-de-aro-2016\\\/#primaryimage\"},\"image\":{\"@id\":\"https:\\\/\\\/luxm2.com\\\/es\\\/2016-02-11-carnaval-playa-de-aro-2016\\\/#primaryimage\"},\"thumbnailUrl\":\"https:\\\/\\\/luxm2.com\\\/wp-content\\\/uploads\\\/2016\\\/02\\\/karnaval-v-plajya-de-aro-2016_0001.jpg\",\"datePublished\":\"2016-02-11T15:36:19+00:00\",\"dateModified\":\"2020-09-15T20:00:18+00:00\",\"description\":\"El 6 de febrero de 2016, se llev\u00f3 a cabo un evento ruidoso tradicional en la calle central de Playa de Aro, \u00a1el carnaval, el evento central del a\u00f1o!\",\"breadcrumb\":{\"@id\":\"https:\\\/\\\/luxm2.com\\\/es\\\/2016-02-11-carnaval-playa-de-aro-2016\\\/#breadcrumb\"},\"inLanguage\":\"es\",\"potentialAction\":[{\"@type\":\"ReadAction\",\"target\":[\"https:\\\/\\\/luxm2.com\\\/es\\\/2016-02-11-carnaval-playa-de-aro-2016\\\/\"]}]},{\"@type\":\"ImageObject\",\"inLanguage\":\"es\",\"@id\":\"https:\\\/\\\/luxm2.com\\\/es\\\/2016-02-11-carnaval-playa-de-aro-2016\\\/#primaryimage\",\"url\":\"https:\\\/\\\/luxm2.com\\\/wp-content\\\/uploads\\\/2016\\\/02\\\/karnaval-v-plajya-de-aro-2016_0001.jpg\",\"contentUrl\":\"https:\\\/\\\/luxm2.com\\\/wp-content\\\/uploads\\\/2016\\\/02\\\/karnaval-v-plajya-de-aro-2016_0001.jpg\",\"width\":1600,\"height\":1067,\"caption\":\"\u041a\u0430\u0440\u043d\u0430\u0432\u0430\u043b \u0432 \u041f\u043b\u0430\u0439\u044f \u0434\u0435 \u0410\u0440\u043e 2016\"},{\"@type\":\"BreadcrumbList\",\"@id\":\"https:\\\/\\\/luxm2.com\\\/es\\\/2016-02-11-carnaval-playa-de-aro-2016\\\/#breadcrumb\",\"itemListElement\":[{\"@type\":\"ListItem\",\"position\":1,\"name\":\"Home\",\"item\":\"https:\\\/\\\/luxm2.com\\\/es\\\/\"},{\"@type\":\"ListItem\",\"position\":2,\"name\":\"Noticias locales\",\"item\":\"https:\\\/\\\/luxm2.com\\\/es\\\/category\\\/local-news-es\\\/\"},{\"@type\":\"ListItem\",\"position\":3,\"name\":\"Carnaval en Playa de Aro 2016\"}]},{\"@type\":\"WebSite\",\"@id\":\"https:\\\/\\\/luxm2.com\\\/es\\\/#website\",\"url\":\"https:\\\/\\\/luxm2.com\\\/es\\\/\",\"name\":\"M2 Lux\",\"description\":\"M2 Lux Real Estate Agency\",\"publisher\":{\"@id\":\"https:\\\/\\\/luxm2.com\\\/es\\\/#organization\"},\"potentialAction\":[{\"@type\":\"SearchAction\",\"target\":{\"@type\":\"EntryPoint\",\"urlTemplate\":\"https:\\\/\\\/luxm2.com\\\/es\\\/?s={search_term_string}\"},\"query-input\":{\"@type\":\"PropertyValueSpecification\",\"valueRequired\":true,\"valueName\":\"search_term_string\"}}],\"inLanguage\":\"es\"},{\"@type\":\"Organization\",\"@id\":\"https:\\\/\\\/luxm2.com\\\/es\\\/#organization\",\"name\":\"Brokerage & Consulting M2 Lux S.L.\",\"url\":\"https:\\\/\\\/luxm2.com\\\/es\\\/\",\"logo\":{\"@type\":\"ImageObject\",\"inLanguage\":\"es\",\"@id\":\"https:\\\/\\\/luxm2.com\\\/es\\\/#\\\/schema\\\/logo\\\/image\\\/\",\"url\":\"https:\\\/\\\/luxm2.com\\\/wp-content\\\/uploads\\\/2017\\\/08\\\/LUX-M2-without-border-500.jpg\",\"contentUrl\":\"https:\\\/\\\/luxm2.com\\\/wp-content\\\/uploads\\\/2017\\\/08\\\/LUX-M2-without-border-500.jpg\",\"width\":500,\"height\":500,\"caption\":\"Brokerage & Consulting M2 Lux S.L.\"},\"image\":{\"@id\":\"https:\\\/\\\/luxm2.com\\\/es\\\/#\\\/schema\\\/logo\\\/image\\\/\"},\"sameAs\":[\"https:\\\/\\\/www.facebook.com\\\/luxm2\\\/?hc_ref=ARQm5M0UOH26I3A0w4V9JnxdLbywuIk19cmpkoZdQL5sdrhr4Kl4cGjwLW9M9U-wKig&amp;amp;amp;amp;amp;amp;amp;amp;amp;amp;amp;amp;amp;amp;amp;amp;amp;amp;amp;amp;amp;amp;amp;amp;amp;amp;amp;amp;amp;amp;amp;amp;amp;amp;amp;amp;amp;amp;fref=nf\",\"https:\\\/\\\/www.instagram.com\\\/m2luxspain\\\/\",\"https:\\\/\\\/www.pinterest.es\\\/m2luximmo\\\/\"]},{\"@type\":\"Person\",\"@id\":\"https:\\\/\\\/luxm2.com\\\/es\\\/#\\\/schema\\\/person\\\/a7cbf86e5aa53e28f329a51b0ef2e1ab\",\"name\":\"admin\",\"image\":{\"@type\":\"ImageObject\",\"inLanguage\":\"es\",\"@id\":\"https:\\\/\\\/luxm2.com\\\/wp-content\\\/litespeed\\\/avatar\\\/c926f74982654e1c0506c827b8316352.jpg?ver=1777233247\",\"url\":\"https:\\\/\\\/luxm2.com\\\/wp-content\\\/litespeed\\\/avatar\\\/c926f74982654e1c0506c827b8316352.jpg?ver=1777233247\",\"contentUrl\":\"https:\\\/\\\/luxm2.com\\\/wp-content\\\/litespeed\\\/avatar\\\/c926f74982654e1c0506c827b8316352.jpg?ver=1777233247\",\"caption\":\"admin\"}}]}<\/script>\n<!-- \/ Yoast SEO plugin. -->","yoast_head_json":{"title":"M2 Lux - Carnaval Tradicional en Playa de Aro 2016","description":"El 6 de febrero de 2016, se llev\u00f3 a cabo un evento ruidoso tradicional en la calle central de Playa de Aro, \u00a1el carnaval, el evento central del a\u00f1o!","robots":{"index":"index","follow":"follow","max-snippet":"max-snippet:-1","max-image-preview":"max-image-preview:large","max-video-preview":"max-video-preview:-1"},"canonical":"https:\/\/luxm2.com\/es\/2016-02-11-carnaval-playa-de-aro-2016\/","og_locale":"es_ES","og_type":"article","og_title":"M2 Lux - Carnaval Tradicional en Playa de Aro 2016","og_description":"El 6 de febrero de 2016, se llev\u00f3 a cabo un evento ruidoso tradicional en la calle central de Playa de Aro, \u00a1el carnaval, el evento central del a\u00f1o!","og_url":"https:\/\/luxm2.com\/es\/2016-02-11-carnaval-playa-de-aro-2016\/","og_site_name":"M2 Lux","article_publisher":"https:\/\/www.facebook.com\/luxm2\/?hc_ref=ARQm5M0UOH26I3A0w4V9JnxdLbywuIk19cmpkoZdQL5sdrhr4Kl4cGjwLW9M9U-wKig&amp%3bamp%3bamp%3bamp%3bamp%3bamp%3bamp%3bamp%3bamp%3bamp%3bamp%3bamp%3bamp%3bamp%3bamp%3bamp%3bamp%3bamp%3bamp%3bamp%3bamp%3bamp%3bamp%3bamp%3bamp%3bamp%3bamp%3bamp%3bamp%3bamp%3bamp%3bamp%3bamp%3bamp%3bamp%3bamp%3bamp%3bamp%3bfref=nf","article_published_time":"2016-02-11T15:36:19+00:00","article_modified_time":"2020-09-15T20:00:18+00:00","og_image":[{"width":1600,"height":1067,"url":"https:\/\/luxm2.com\/wp-content\/uploads\/2016\/02\/karnaval-v-plajya-de-aro-2016_0001.jpg","type":"image\/jpeg"}],"author":"admin","twitter_card":"summary_large_image","twitter_misc":{"Escrito por":"admin","Tiempo de lectura":"2 minutos"},"schema":{"@context":"https:\/\/schema.org","@graph":[{"@type":"Article","@id":"https:\/\/luxm2.com\/es\/2016-02-11-carnaval-playa-de-aro-2016\/#article","isPartOf":{"@id":"https:\/\/luxm2.com\/es\/2016-02-11-carnaval-playa-de-aro-2016\/"},"author":{"name":"admin","@id":"https:\/\/luxm2.com\/es\/#\/schema\/person\/a7cbf86e5aa53e28f329a51b0ef2e1ab"},"headline":"Carnaval en Playa de Aro 2016","datePublished":"2016-02-11T15:36:19+00:00","dateModified":"2020-09-15T20:00:18+00:00","mainEntityOfPage":{"@id":"https:\/\/luxm2.com\/es\/2016-02-11-carnaval-playa-de-aro-2016\/"},"wordCount":380,"publisher":{"@id":"https:\/\/luxm2.com\/es\/#organization"},"image":{"@id":"https:\/\/luxm2.com\/es\/2016-02-11-carnaval-playa-de-aro-2016\/#primaryimage"},"thumbnailUrl":"https:\/\/luxm2.com\/wp-content\/uploads\/2016\/02\/karnaval-v-plajya-de-aro-2016_0001.jpg","articleSection":["Noticias locales","Puntos de inter\u00e9s"],"inLanguage":"es"},{"@type":"WebPage","@id":"https:\/\/luxm2.com\/es\/2016-02-11-carnaval-playa-de-aro-2016\/","url":"https:\/\/luxm2.com\/es\/2016-02-11-carnaval-playa-de-aro-2016\/","name":"M2 Lux - Carnaval Tradicional en Playa de Aro 2016","isPartOf":{"@id":"https:\/\/luxm2.com\/es\/#website"},"primaryImageOfPage":{"@id":"https:\/\/luxm2.com\/es\/2016-02-11-carnaval-playa-de-aro-2016\/#primaryimage"},"image":{"@id":"https:\/\/luxm2.com\/es\/2016-02-11-carnaval-playa-de-aro-2016\/#primaryimage"},"thumbnailUrl":"https:\/\/luxm2.com\/wp-content\/uploads\/2016\/02\/karnaval-v-plajya-de-aro-2016_0001.jpg","datePublished":"2016-02-11T15:36:19+00:00","dateModified":"2020-09-15T20:00:18+00:00","description":"El 6 de febrero de 2016, se llev\u00f3 a cabo un evento ruidoso tradicional en la calle central de Playa de Aro, \u00a1el carnaval, el evento central del a\u00f1o!","breadcrumb":{"@id":"https:\/\/luxm2.com\/es\/2016-02-11-carnaval-playa-de-aro-2016\/#breadcrumb"},"inLanguage":"es","potentialAction":[{"@type":"ReadAction","target":["https:\/\/luxm2.com\/es\/2016-02-11-carnaval-playa-de-aro-2016\/"]}]},{"@type":"ImageObject","inLanguage":"es","@id":"https:\/\/luxm2.com\/es\/2016-02-11-carnaval-playa-de-aro-2016\/#primaryimage","url":"https:\/\/luxm2.com\/wp-content\/uploads\/2016\/02\/karnaval-v-plajya-de-aro-2016_0001.jpg","contentUrl":"https:\/\/luxm2.com\/wp-content\/uploads\/2016\/02\/karnaval-v-plajya-de-aro-2016_0001.jpg","width":1600,"height":1067,"caption":"\u041a\u0430\u0440\u043d\u0430\u0432\u0430\u043b \u0432 \u041f\u043b\u0430\u0439\u044f \u0434\u0435 \u0410\u0440\u043e 2016"},{"@type":"BreadcrumbList","@id":"https:\/\/luxm2.com\/es\/2016-02-11-carnaval-playa-de-aro-2016\/#breadcrumb","itemListElement":[{"@type":"ListItem","position":1,"name":"Home","item":"https:\/\/luxm2.com\/es\/"},{"@type":"ListItem","position":2,"name":"Noticias locales","item":"https:\/\/luxm2.com\/es\/category\/local-news-es\/"},{"@type":"ListItem","position":3,"name":"Carnaval en Playa de Aro 2016"}]},{"@type":"WebSite","@id":"https:\/\/luxm2.com\/es\/#website","url":"https:\/\/luxm2.com\/es\/","name":"M2 Lux","description":"M2 Lux Real Estate Agency","publisher":{"@id":"https:\/\/luxm2.com\/es\/#organization"},"potentialAction":[{"@type":"SearchAction","target":{"@type":"EntryPoint","urlTemplate":"https:\/\/luxm2.com\/es\/?s={search_term_string}"},"query-input":{"@type":"PropertyValueSpecification","valueRequired":true,"valueName":"search_term_string"}}],"inLanguage":"es"},{"@type":"Organization","@id":"https:\/\/luxm2.com\/es\/#organization","name":"Brokerage & Consulting M2 Lux S.L.","url":"https:\/\/luxm2.com\/es\/","logo":{"@type":"ImageObject","inLanguage":"es","@id":"https:\/\/luxm2.com\/es\/#\/schema\/logo\/image\/","url":"https:\/\/luxm2.com\/wp-content\/uploads\/2017\/08\/LUX-M2-without-border-500.jpg","contentUrl":"https:\/\/luxm2.com\/wp-content\/uploads\/2017\/08\/LUX-M2-without-border-500.jpg","width":500,"height":500,"caption":"Brokerage & Consulting M2 Lux S.L."},"image":{"@id":"https:\/\/luxm2.com\/es\/#\/schema\/logo\/image\/"},"sameAs":["https:\/\/www.facebook.com\/luxm2\/?hc_ref=ARQm5M0UOH26I3A0w4V9JnxdLbywuIk19cmpkoZdQL5sdrhr4Kl4cGjwLW9M9U-wKig&amp;amp;amp;amp;amp;amp;amp;amp;amp;amp;amp;amp;amp;amp;amp;amp;amp;amp;amp;amp;amp;amp;amp;amp;amp;amp;amp;amp;amp;amp;amp;amp;amp;amp;amp;amp;amp;amp;fref=nf","https:\/\/www.instagram.com\/m2luxspain\/","https:\/\/www.pinterest.es\/m2luximmo\/"]},{"@type":"Person","@id":"https:\/\/luxm2.com\/es\/#\/schema\/person\/a7cbf86e5aa53e28f329a51b0ef2e1ab","name":"admin","image":{"@type":"ImageObject","inLanguage":"es","@id":"https:\/\/luxm2.com\/wp-content\/litespeed\/avatar\/c926f74982654e1c0506c827b8316352.jpg?ver=1777233247","url":"https:\/\/luxm2.com\/wp-content\/litespeed\/avatar\/c926f74982654e1c0506c827b8316352.jpg?ver=1777233247","contentUrl":"https:\/\/luxm2.com\/wp-content\/litespeed\/avatar\/c926f74982654e1c0506c827b8316352.jpg?ver=1777233247","caption":"admin"}}]}},"_links":{"self":[{"href":"https:\/\/luxm2.com\/es\/wp-json\/wp\/v2\/posts\/61303","targetHints":{"allow":["GET"]}}],"collection":[{"href":"https:\/\/luxm2.com\/es\/wp-json\/wp\/v2\/posts"}],"about":[{"href":"https:\/\/luxm2.com\/es\/wp-json\/wp\/v2\/types\/post"}],"author":[{"embeddable":true,"href":"https:\/\/luxm2.com\/es\/wp-json\/wp\/v2\/users\/1"}],"replies":[{"embeddable":true,"href":"https:\/\/luxm2.com\/es\/wp-json\/wp\/v2\/comments?post=61303"}],"version-history":[{"count":0,"href":"https:\/\/luxm2.com\/es\/wp-json\/wp\/v2\/posts\/61303\/revisions"}],"wp:featuredmedia":[{"embeddable":true,"href":"https:\/\/luxm2.com\/es\/wp-json\/wp\/v2\/media\/61232"}],"wp:attachment":[{"href":"https:\/\/luxm2.com\/es\/wp-json\/wp\/v2\/media?parent=61303"}],"wp:term":[{"taxonomy":"category","embeddable":true,"href":"https:\/\/luxm2.com\/es\/wp-json\/wp\/v2\/categories?post=61303"},{"taxonomy":"post_tag","embeddable":true,"href":"https:\/\/luxm2.com\/es\/wp-json\/wp\/v2\/tags?post=61303"}],"curies":[{"name":"wp","href":"https:\/\/api.w.org\/{rel}","templated":true}]}}