{"id":55366,"date":"2016-04-21T18:09:27","date_gmt":"2016-04-21T16:09:27","guid":{"rendered":"https:\/\/luxm2.com\/granjas-de-ostras-en-leucate-francia\/"},"modified":"2020-01-30T14:58:29","modified_gmt":"2020-01-30T13:58:29","slug":"2016-04-21-ostras-en-leucate-francia","status":"publish","type":"post","link":"https:\/\/luxm2.com\/es\/2016-04-21-ostras-en-leucate-francia\/","title":{"rendered":"Granjas de ostras en Leucate, Francia"},"content":{"rendered":"<div>\u00bfEst\u00e1s de vacaciones (o vives) en la Costa Brava y tu alma pide ostras? Por supuesto, puede ir a uno de los muchos restaurantes de pescado y pagar alrededor de 1,5 euros por una ostra. Pero el verdadero amante y conocedor de las ostras ir\u00e1 a donde las atrapan; donde las ostras simplemente no pueden ser m\u00e1s frescas &#8230; El lugar m\u00e1s cercano a Costa Brava en Espa\u00f1a es el delta del Ebro en el sur de Catalu\u00f1a, y definitivamente iremos all\u00ed alg\u00fan d\u00eda. Bueno, desde las costas de la Costa Brava es m\u00e1s f\u00e1cil y r\u00e1pido llegar a las granjas de ostras en Leucate, ubicadas en Francia, a unos 60 km de la frontera espa\u00f1ola. Adem\u00e1s, la org\u00eda de ostras se puede combinar con una visita a Perpi\u00f1\u00e1n, Colliure u otros lugares hermosos en las cercan\u00edas de la regi\u00f3n francesa con el nombre po\u00e9tico Languedoc-Rosell\u00f3n.<\/div>\n<p><!--more--><\/p>\n<div>\n<div>\n<div>La direcci\u00f3n de la calle donde se encuentran los restaurantes de degustaci\u00f3n: Grau de Leucate, 11370 Leucate, Francia, la ubicaci\u00f3n exacta en los mapas de Google est\u00e1 <a href=\"https:\/\/goo.gl\/maps\/xvu7iREkcJsksYZ7A\" target=\"_blank\" rel=\"noopener noreferrer\">aqu\u00ed<\/a>.<\/div>\n<\/div>\n<h5 style=\"text-align: center;\">***<\/h5>\n<div style=\"text-align: center;\"><a href=\"https:\/\/luxm2.com\/wp-content\/uploads\/2016\/04\/2016-04-21-ustrichnye-fermy-vo-francii_0002-.jpg\" target=\"_blank\" rel=\"noopener noreferrer\"><img decoding=\"async\" class=\"aligncenter wp-image-55322 size-large\" src=\"https:\/\/luxm2.com\/wp-content\/uploads\/2016\/04\/2016-04-21-ustrichnye-fermy-vo-francii_0002--1024x683.jpg\" alt=\"Granjas de ostras en Leucate, Francia\" width=\"1024\" height=\"683\" srcset=\"https:\/\/luxm2.com\/wp-content\/uploads\/2016\/04\/2016-04-21-ustrichnye-fermy-vo-francii_0002--1024x683.jpg 1024w, https:\/\/luxm2.com\/wp-content\/uploads\/2016\/04\/2016-04-21-ustrichnye-fermy-vo-francii_0002--300x200.jpg 300w, https:\/\/luxm2.com\/wp-content\/uploads\/2016\/04\/2016-04-21-ustrichnye-fermy-vo-francii_0002--768x512.jpg 768w, https:\/\/luxm2.com\/wp-content\/uploads\/2016\/04\/2016-04-21-ustrichnye-fermy-vo-francii_0002-.jpg 1600w\" sizes=\"(max-width: 1024px) 100vw, 1024px\" \/><\/a><\/div>\n<div style=\"text-align: center;\">En la calle hay muchos restaurantes de degustaci\u00f3n diferentes para todos los gustos y colores. En verano, la gente se sienta al aire libre y disfruta de las ostras.<\/div>\n<div style=\"text-align: center;\">***<\/div>\n<div style=\"text-align: center;\"><a href=\"https:\/\/luxm2.com\/wp-content\/uploads\/2016\/04\/2016-04-21-ustrichnye-fermy-vo-francii_0003-.jpg\" target=\"_blank\" rel=\"noopener noreferrer\"><img decoding=\"async\" class=\"aligncenter wp-image-55327 size-large\" src=\"https:\/\/luxm2.com\/wp-content\/uploads\/2016\/04\/2016-04-21-ustrichnye-fermy-vo-francii_0003--1024x683.jpg\" alt=\"Granjas de ostras en Leucate, Francia\" width=\"1024\" height=\"683\" srcset=\"https:\/\/luxm2.com\/wp-content\/uploads\/2016\/04\/2016-04-21-ustrichnye-fermy-vo-francii_0003--1024x683.jpg 1024w, https:\/\/luxm2.com\/wp-content\/uploads\/2016\/04\/2016-04-21-ustrichnye-fermy-vo-francii_0003--300x200.jpg 300w, https:\/\/luxm2.com\/wp-content\/uploads\/2016\/04\/2016-04-21-ustrichnye-fermy-vo-francii_0003--768x512.jpg 768w, https:\/\/luxm2.com\/wp-content\/uploads\/2016\/04\/2016-04-21-ustrichnye-fermy-vo-francii_0003-.jpg 1600w\" sizes=\"(max-width: 1024px) 100vw, 1024px\" \/><\/a><\/div>\n<div style=\"text-align: center;\">Pero nuestro favorito es Le Mas Bleu. No preguntes por qu\u00e9, \u00a1as\u00ed sucedi\u00f3!<\/div>\n<div style=\"text-align: center;\">***<\/div>\n<div style=\"text-align: center;\"><a href=\"https:\/\/luxm2.com\/wp-content\/uploads\/2016\/04\/2016-04-21-ustrichnye-fermy-vo-francii_0004-.jpg\" target=\"_blank\" rel=\"noopener noreferrer\"><img decoding=\"async\" class=\"aligncenter wp-image-55332 size-large\" src=\"https:\/\/luxm2.com\/wp-content\/uploads\/2016\/04\/2016-04-21-ustrichnye-fermy-vo-francii_0004--1024x683.jpg\" alt=\"Granjas de ostras en Leucate, Francia\" width=\"1024\" height=\"683\" srcset=\"https:\/\/luxm2.com\/wp-content\/uploads\/2016\/04\/2016-04-21-ustrichnye-fermy-vo-francii_0004--1024x683.jpg 1024w, https:\/\/luxm2.com\/wp-content\/uploads\/2016\/04\/2016-04-21-ustrichnye-fermy-vo-francii_0004--300x200.jpg 300w, https:\/\/luxm2.com\/wp-content\/uploads\/2016\/04\/2016-04-21-ustrichnye-fermy-vo-francii_0004--768x512.jpg 768w, https:\/\/luxm2.com\/wp-content\/uploads\/2016\/04\/2016-04-21-ustrichnye-fermy-vo-francii_0004-.jpg 1600w\" sizes=\"(max-width: 1024px) 100vw, 1024px\" \/><\/a><\/div>\n<div style=\"text-align: center;\">Interior recientemente renovado. El hombre del mostrador abre las ostras para su pedido.<\/div>\n<div style=\"text-align: center;\">***<\/div>\n<div style=\"text-align: center;\"><img decoding=\"async\" class=\"aligncenter wp-image-55337 size-large\" src=\"https:\/\/luxm2.com\/wp-content\/uploads\/2016\/04\/2016-04-21-ustrichnye-fermy-vo-francii_0005--1024x683.jpg\" alt=\"\" width=\"1024\" height=\"683\" srcset=\"https:\/\/luxm2.com\/wp-content\/uploads\/2016\/04\/2016-04-21-ustrichnye-fermy-vo-francii_0005--1024x683.jpg 1024w, https:\/\/luxm2.com\/wp-content\/uploads\/2016\/04\/2016-04-21-ustrichnye-fermy-vo-francii_0005--300x200.jpg 300w, https:\/\/luxm2.com\/wp-content\/uploads\/2016\/04\/2016-04-21-ustrichnye-fermy-vo-francii_0005--768x512.jpg 768w, https:\/\/luxm2.com\/wp-content\/uploads\/2016\/04\/2016-04-21-ustrichnye-fermy-vo-francii_0005-.jpg 1600w\" sizes=\"(max-width: 1024px) 100vw, 1024px\" \/><\/div>\n<div style=\"text-align: center;\">As\u00ed es como se ve el men\u00fa tradicional, adem\u00e1s del plato principal: una botella de vino blanco de vi\u00f1edos locales, pan blanco con mantequilla salada, salsa de vinagre y ajo.<\/div>\n<div style=\"text-align: center;\">***<\/div>\n<div style=\"text-align: center;\"><img decoding=\"async\" class=\"aligncenter wp-image-55342 size-large\" src=\"https:\/\/luxm2.com\/wp-content\/uploads\/2016\/04\/2016-04-21-ustrichnye-fermy-vo-francii_0006--1024x576.jpg\" alt=\"\" width=\"1024\" height=\"576\" srcset=\"https:\/\/luxm2.com\/wp-content\/uploads\/2016\/04\/2016-04-21-ustrichnye-fermy-vo-francii_0006--1024x576.jpg 1024w, https:\/\/luxm2.com\/wp-content\/uploads\/2016\/04\/2016-04-21-ustrichnye-fermy-vo-francii_0006--300x169.jpg 300w, https:\/\/luxm2.com\/wp-content\/uploads\/2016\/04\/2016-04-21-ustrichnye-fermy-vo-francii_0006--768x432.jpg 768w, https:\/\/luxm2.com\/wp-content\/uploads\/2016\/04\/2016-04-21-ustrichnye-fermy-vo-francii_0006-.jpg 1600w\" sizes=\"(max-width: 1024px) 100vw, 1024px\" \/><\/div>\n<div style=\"text-align: center;\">Los precios de ostras para llevar pueden variar ligeramente seg\u00fan la \u00e9poca del a\u00f1o.<\/div>\n<div style=\"text-align: center;\">***<\/div>\n<div style=\"text-align: center;\"><img decoding=\"async\" class=\"aligncenter wp-image-55347 size-large\" src=\"https:\/\/luxm2.com\/wp-content\/uploads\/2016\/04\/2016-04-21-ustrichnye-fermy-vo-francii_0007--1024x768.jpg\" alt=\"\" width=\"1024\" height=\"768\" srcset=\"https:\/\/luxm2.com\/wp-content\/uploads\/2016\/04\/2016-04-21-ustrichnye-fermy-vo-francii_0007--1024x768.jpg 1024w, https:\/\/luxm2.com\/wp-content\/uploads\/2016\/04\/2016-04-21-ustrichnye-fermy-vo-francii_0007--300x225.jpg 300w, https:\/\/luxm2.com\/wp-content\/uploads\/2016\/04\/2016-04-21-ustrichnye-fermy-vo-francii_0007--768x576.jpg 768w, https:\/\/luxm2.com\/wp-content\/uploads\/2016\/04\/2016-04-21-ustrichnye-fermy-vo-francii_0007-.jpg 1600w\" sizes=\"(max-width: 1024px) 100vw, 1024px\" \/><\/div>\n<div style=\"text-align: center;\">\n<div>Recientemente, el restaurante se ha ampliado y se ha agregado otra sala.<\/div>\n<\/div>\n<div style=\"text-align: center;\">***<\/div>\n<div style=\"text-align: center;\"><img decoding=\"async\" class=\"aligncenter wp-image-55352 size-large\" src=\"https:\/\/luxm2.com\/wp-content\/uploads\/2016\/04\/2016-04-21-ustrichnye-fermy-vo-francii_0008--1024x683.jpg\" alt=\"\" width=\"1024\" height=\"683\" srcset=\"https:\/\/luxm2.com\/wp-content\/uploads\/2016\/04\/2016-04-21-ustrichnye-fermy-vo-francii_0008--1024x683.jpg 1024w, https:\/\/luxm2.com\/wp-content\/uploads\/2016\/04\/2016-04-21-ustrichnye-fermy-vo-francii_0008--300x200.jpg 300w, https:\/\/luxm2.com\/wp-content\/uploads\/2016\/04\/2016-04-21-ustrichnye-fermy-vo-francii_0008--768x512.jpg 768w, https:\/\/luxm2.com\/wp-content\/uploads\/2016\/04\/2016-04-21-ustrichnye-fermy-vo-francii_0008-.jpg 1600w\" sizes=\"(max-width: 1024px) 100vw, 1024px\" \/><\/div>\n<div style=\"text-align: center;\">Por el bien de un plato as\u00ed, \u00a1vale la pena venir aqu\u00ed desde la Costa Brava!<\/div>\n<div style=\"text-align: center;\">***<\/div>\n<div style=\"text-align: center;\"><img decoding=\"async\" class=\"aligncenter wp-image-55357 size-large\" src=\"https:\/\/luxm2.com\/wp-content\/uploads\/2016\/04\/2016-04-21-ustrichnye-fermy-vo-francii_0009--1024x683.jpg\" alt=\"\" width=\"1024\" height=\"683\" srcset=\"https:\/\/luxm2.com\/wp-content\/uploads\/2016\/04\/2016-04-21-ustrichnye-fermy-vo-francii_0009--1024x683.jpg 1024w, https:\/\/luxm2.com\/wp-content\/uploads\/2016\/04\/2016-04-21-ustrichnye-fermy-vo-francii_0009--300x200.jpg 300w, https:\/\/luxm2.com\/wp-content\/uploads\/2016\/04\/2016-04-21-ustrichnye-fermy-vo-francii_0009--768x512.jpg 768w, https:\/\/luxm2.com\/wp-content\/uploads\/2016\/04\/2016-04-21-ustrichnye-fermy-vo-francii_0009-.jpg 1600w\" sizes=\"(max-width: 1024px) 100vw, 1024px\" \/><\/div>\n<div style=\"text-align: center;\">\n<div>Los restaurantes de degustaci\u00f3n se encuentran a orillas de un estrecho canal que conecta la laguna \u00c9tang de Leucate con una superficie de 54 km2 con el mar Mediterr\u00e1neo.<\/div>\n<h5>***<\/h5>\n<div>Puede encontrar una historia m\u00e1s detallada sobre nuestro restaurante de ostras favorito con fotos siguiendo el enlace &#8211; <a href=\"http:\/\/vladsonm.blogspot.com\/2016\/04\/leucate.html\" target=\"_blank\" rel=\"noopener noreferrer\">Ostras en Francia<\/a>.<\/div>\n<\/div>\n<\/div>\n<div><\/div>\n","protected":false},"excerpt":{"rendered":"<p>\u00bfEst\u00e1s de vacaciones (o vives) en la Costa Brava y tu alma pide ostras? Por supuesto, puede ir a uno de los muchos restaurantes de pescado y pagar alrededor de 1,5 euros por una ostra. Pero el verdadero amante y conocedor de las ostras ir\u00e1 a donde las atrapan; donde las ostras simplemente no pueden [&hellip;]<\/p>\n","protected":false},"author":1,"featured_media":55321,"comment_status":"closed","ping_status":"closed","sticky":false,"template":"","format":"standard","meta":{"footnotes":""},"categories":[351],"tags":[],"class_list":["post-55366","post","type-post","status-publish","format-standard","has-post-thumbnail","hentry","category-cbinfo-es"],"acf":[],"yoast_head":"<!-- This site is optimized with the Yoast SEO plugin v27.4 - https:\/\/yoast.com\/product\/yoast-seo-wordpress\/ -->\n<title>M2 Lux - Un delicioso viaje a las granjas de ostras en Leucate, Francia.<\/title>\n<meta name=\"description\" content=\"Una breve historia sobre un lugar donde puede salir de la Costa Brava para disfrutar de ostras frescas: estas son granjas de ostras en Leucate, Francia.\" \/>\n<meta name=\"robots\" content=\"index, follow, max-snippet:-1, max-image-preview:large, max-video-preview:-1\" \/>\n<link rel=\"canonical\" href=\"https:\/\/luxm2.com\/es\/2016-04-21-ostras-en-leucate-francia\/\" \/>\n<meta property=\"og:locale\" content=\"es_ES\" \/>\n<meta property=\"og:type\" content=\"article\" \/>\n<meta property=\"og:title\" content=\"M2 Lux - Un delicioso viaje a las granjas de ostras en Leucate, Francia.\" \/>\n<meta property=\"og:description\" content=\"Una breve historia sobre un lugar donde puede salir de la Costa Brava para disfrutar de ostras frescas: estas son granjas de ostras en Leucate, Francia.\" \/>\n<meta property=\"og:url\" content=\"https:\/\/luxm2.com\/es\/2016-04-21-ostras-en-leucate-francia\/\" \/>\n<meta property=\"og:site_name\" content=\"M2 Lux\" \/>\n<meta property=\"article:publisher\" content=\"https:\/\/www.facebook.com\/luxm2\/?hc_ref=ARQm5M0UOH26I3A0w4V9JnxdLbywuIk19cmpkoZdQL5sdrhr4Kl4cGjwLW9M9U-wKig&amp;amp%3bamp%3bamp%3bamp%3bamp%3bamp%3bamp%3bamp%3bamp%3bamp%3bamp%3bamp%3bamp%3bamp%3bamp%3bamp%3bamp%3bamp%3bamp%3bamp%3bamp%3bamp%3bamp%3bamp%3bamp%3bamp%3bamp%3bamp%3bamp%3bamp%3bamp%3bamp%3bamp%3bamp%3bamp%3bamp%3bamp%3bamp%3bfref=nf\" \/>\n<meta property=\"article:published_time\" content=\"2016-04-21T16:09:27+00:00\" \/>\n<meta property=\"article:modified_time\" content=\"2020-01-30T13:58:29+00:00\" \/>\n<meta property=\"og:image\" content=\"https:\/\/luxm2.com\/wp-content\/uploads\/2016\/04\/2016-04-21-ustrichnye-fermy-vo-francii_0001-.jpg\" \/>\n\t<meta property=\"og:image:width\" content=\"1600\" \/>\n\t<meta property=\"og:image:height\" content=\"1067\" \/>\n\t<meta property=\"og:image:type\" content=\"image\/jpeg\" \/>\n<meta name=\"author\" content=\"admin\" \/>\n<meta name=\"twitter:card\" content=\"summary_large_image\" \/>\n<meta name=\"twitter:label1\" content=\"Escrito por\" \/>\n\t<meta name=\"twitter:data1\" content=\"admin\" \/>\n\t<meta name=\"twitter:label2\" content=\"Tiempo de lectura\" \/>\n\t<meta name=\"twitter:data2\" content=\"2 minutos\" \/>\n<script type=\"application\/ld+json\" class=\"yoast-schema-graph\">{\"@context\":\"https:\\\/\\\/schema.org\",\"@graph\":[{\"@type\":\"Article\",\"@id\":\"https:\\\/\\\/luxm2.com\\\/es\\\/2016-04-21-ostras-en-leucate-francia\\\/#article\",\"isPartOf\":{\"@id\":\"https:\\\/\\\/luxm2.com\\\/es\\\/2016-04-21-ostras-en-leucate-francia\\\/\"},\"author\":{\"name\":\"admin\",\"@id\":\"https:\\\/\\\/luxm2.com\\\/es\\\/#\\\/schema\\\/person\\\/a7cbf86e5aa53e28f329a51b0ef2e1ab\"},\"headline\":\"Granjas de ostras en Leucate, Francia\",\"datePublished\":\"2016-04-21T16:09:27+00:00\",\"dateModified\":\"2020-01-30T13:58:29+00:00\",\"mainEntityOfPage\":{\"@id\":\"https:\\\/\\\/luxm2.com\\\/es\\\/2016-04-21-ostras-en-leucate-francia\\\/\"},\"wordCount\":381,\"publisher\":{\"@id\":\"https:\\\/\\\/luxm2.com\\\/es\\\/#organization\"},\"image\":{\"@id\":\"https:\\\/\\\/luxm2.com\\\/es\\\/2016-04-21-ostras-en-leucate-francia\\\/#primaryimage\"},\"thumbnailUrl\":\"https:\\\/\\\/luxm2.com\\\/wp-content\\\/uploads\\\/2016\\\/04\\\/2016-04-21-ustrichnye-fermy-vo-francii_0001-.jpg\",\"articleSection\":[\"Puntos de inter\u00e9s\"],\"inLanguage\":\"es\"},{\"@type\":\"WebPage\",\"@id\":\"https:\\\/\\\/luxm2.com\\\/es\\\/2016-04-21-ostras-en-leucate-francia\\\/\",\"url\":\"https:\\\/\\\/luxm2.com\\\/es\\\/2016-04-21-ostras-en-leucate-francia\\\/\",\"name\":\"M2 Lux - Un delicioso viaje a las granjas de ostras en Leucate, Francia.\",\"isPartOf\":{\"@id\":\"https:\\\/\\\/luxm2.com\\\/es\\\/#website\"},\"primaryImageOfPage\":{\"@id\":\"https:\\\/\\\/luxm2.com\\\/es\\\/2016-04-21-ostras-en-leucate-francia\\\/#primaryimage\"},\"image\":{\"@id\":\"https:\\\/\\\/luxm2.com\\\/es\\\/2016-04-21-ostras-en-leucate-francia\\\/#primaryimage\"},\"thumbnailUrl\":\"https:\\\/\\\/luxm2.com\\\/wp-content\\\/uploads\\\/2016\\\/04\\\/2016-04-21-ustrichnye-fermy-vo-francii_0001-.jpg\",\"datePublished\":\"2016-04-21T16:09:27+00:00\",\"dateModified\":\"2020-01-30T13:58:29+00:00\",\"description\":\"Una breve historia sobre un lugar donde puede salir de la Costa Brava para disfrutar de ostras frescas: estas son granjas de ostras en Leucate, Francia.\",\"breadcrumb\":{\"@id\":\"https:\\\/\\\/luxm2.com\\\/es\\\/2016-04-21-ostras-en-leucate-francia\\\/#breadcrumb\"},\"inLanguage\":\"es\",\"potentialAction\":[{\"@type\":\"ReadAction\",\"target\":[\"https:\\\/\\\/luxm2.com\\\/es\\\/2016-04-21-ostras-en-leucate-francia\\\/\"]}]},{\"@type\":\"ImageObject\",\"inLanguage\":\"es\",\"@id\":\"https:\\\/\\\/luxm2.com\\\/es\\\/2016-04-21-ostras-en-leucate-francia\\\/#primaryimage\",\"url\":\"https:\\\/\\\/luxm2.com\\\/wp-content\\\/uploads\\\/2016\\\/04\\\/2016-04-21-ustrichnye-fermy-vo-francii_0001-.jpg\",\"contentUrl\":\"https:\\\/\\\/luxm2.com\\\/wp-content\\\/uploads\\\/2016\\\/04\\\/2016-04-21-ustrichnye-fermy-vo-francii_0001-.jpg\",\"width\":1600,\"height\":1067},{\"@type\":\"BreadcrumbList\",\"@id\":\"https:\\\/\\\/luxm2.com\\\/es\\\/2016-04-21-ostras-en-leucate-francia\\\/#breadcrumb\",\"itemListElement\":[{\"@type\":\"ListItem\",\"position\":1,\"name\":\"Home\",\"item\":\"https:\\\/\\\/luxm2.com\\\/es\\\/\"},{\"@type\":\"ListItem\",\"position\":2,\"name\":\"Puntos de inter\u00e9s\",\"item\":\"https:\\\/\\\/luxm2.com\\\/es\\\/category\\\/cbinfo-es\\\/\"},{\"@type\":\"ListItem\",\"position\":3,\"name\":\"Granjas de ostras en Leucate, Francia\"}]},{\"@type\":\"WebSite\",\"@id\":\"https:\\\/\\\/luxm2.com\\\/es\\\/#website\",\"url\":\"https:\\\/\\\/luxm2.com\\\/es\\\/\",\"name\":\"M2 Lux\",\"description\":\"M2 Lux Real Estate Agency\",\"publisher\":{\"@id\":\"https:\\\/\\\/luxm2.com\\\/es\\\/#organization\"},\"potentialAction\":[{\"@type\":\"SearchAction\",\"target\":{\"@type\":\"EntryPoint\",\"urlTemplate\":\"https:\\\/\\\/luxm2.com\\\/es\\\/?s={search_term_string}\"},\"query-input\":{\"@type\":\"PropertyValueSpecification\",\"valueRequired\":true,\"valueName\":\"search_term_string\"}}],\"inLanguage\":\"es\"},{\"@type\":\"Organization\",\"@id\":\"https:\\\/\\\/luxm2.com\\\/es\\\/#organization\",\"name\":\"Brokerage & Consulting M2 Lux S.L.\",\"url\":\"https:\\\/\\\/luxm2.com\\\/es\\\/\",\"logo\":{\"@type\":\"ImageObject\",\"inLanguage\":\"es\",\"@id\":\"https:\\\/\\\/luxm2.com\\\/es\\\/#\\\/schema\\\/logo\\\/image\\\/\",\"url\":\"https:\\\/\\\/luxm2.com\\\/wp-content\\\/uploads\\\/2017\\\/08\\\/LUX-M2-without-border-500.jpg\",\"contentUrl\":\"https:\\\/\\\/luxm2.com\\\/wp-content\\\/uploads\\\/2017\\\/08\\\/LUX-M2-without-border-500.jpg\",\"width\":500,\"height\":500,\"caption\":\"Brokerage & Consulting M2 Lux S.L.\"},\"image\":{\"@id\":\"https:\\\/\\\/luxm2.com\\\/es\\\/#\\\/schema\\\/logo\\\/image\\\/\"},\"sameAs\":[\"https:\\\/\\\/www.facebook.com\\\/luxm2\\\/?hc_ref=ARQm5M0UOH26I3A0w4V9JnxdLbywuIk19cmpkoZdQL5sdrhr4Kl4cGjwLW9M9U-wKig&amp;amp;amp;amp;amp;amp;amp;amp;amp;amp;amp;amp;amp;amp;amp;amp;amp;amp;amp;amp;amp;amp;amp;amp;amp;amp;amp;amp;amp;amp;amp;amp;amp;amp;amp;amp;amp;amp;fref=nf\",\"https:\\\/\\\/www.instagram.com\\\/m2luxspain\\\/\",\"https:\\\/\\\/www.pinterest.es\\\/m2luximmo\\\/\"]},{\"@type\":\"Person\",\"@id\":\"https:\\\/\\\/luxm2.com\\\/es\\\/#\\\/schema\\\/person\\\/a7cbf86e5aa53e28f329a51b0ef2e1ab\",\"name\":\"admin\",\"image\":{\"@type\":\"ImageObject\",\"inLanguage\":\"es\",\"@id\":\"https:\\\/\\\/luxm2.com\\\/wp-content\\\/litespeed\\\/avatar\\\/c926f74982654e1c0506c827b8316352.jpg?ver=1777233247\",\"url\":\"https:\\\/\\\/luxm2.com\\\/wp-content\\\/litespeed\\\/avatar\\\/c926f74982654e1c0506c827b8316352.jpg?ver=1777233247\",\"contentUrl\":\"https:\\\/\\\/luxm2.com\\\/wp-content\\\/litespeed\\\/avatar\\\/c926f74982654e1c0506c827b8316352.jpg?ver=1777233247\",\"caption\":\"admin\"}}]}<\/script>\n<!-- \/ Yoast SEO plugin. -->","yoast_head_json":{"title":"M2 Lux - Un delicioso viaje a las granjas de ostras en Leucate, Francia.","description":"Una breve historia sobre un lugar donde puede salir de la Costa Brava para disfrutar de ostras frescas: estas son granjas de ostras en Leucate, Francia.","robots":{"index":"index","follow":"follow","max-snippet":"max-snippet:-1","max-image-preview":"max-image-preview:large","max-video-preview":"max-video-preview:-1"},"canonical":"https:\/\/luxm2.com\/es\/2016-04-21-ostras-en-leucate-francia\/","og_locale":"es_ES","og_type":"article","og_title":"M2 Lux - Un delicioso viaje a las granjas de ostras en Leucate, Francia.","og_description":"Una breve historia sobre un lugar donde puede salir de la Costa Brava para disfrutar de ostras frescas: estas son granjas de ostras en Leucate, Francia.","og_url":"https:\/\/luxm2.com\/es\/2016-04-21-ostras-en-leucate-francia\/","og_site_name":"M2 Lux","article_publisher":"https:\/\/www.facebook.com\/luxm2\/?hc_ref=ARQm5M0UOH26I3A0w4V9JnxdLbywuIk19cmpkoZdQL5sdrhr4Kl4cGjwLW9M9U-wKig&amp%3bamp%3bamp%3bamp%3bamp%3bamp%3bamp%3bamp%3bamp%3bamp%3bamp%3bamp%3bamp%3bamp%3bamp%3bamp%3bamp%3bamp%3bamp%3bamp%3bamp%3bamp%3bamp%3bamp%3bamp%3bamp%3bamp%3bamp%3bamp%3bamp%3bamp%3bamp%3bamp%3bamp%3bamp%3bamp%3bamp%3bamp%3bfref=nf","article_published_time":"2016-04-21T16:09:27+00:00","article_modified_time":"2020-01-30T13:58:29+00:00","og_image":[{"width":1600,"height":1067,"url":"https:\/\/luxm2.com\/wp-content\/uploads\/2016\/04\/2016-04-21-ustrichnye-fermy-vo-francii_0001-.jpg","type":"image\/jpeg"}],"author":"admin","twitter_card":"summary_large_image","twitter_misc":{"Escrito por":"admin","Tiempo de lectura":"2 minutos"},"schema":{"@context":"https:\/\/schema.org","@graph":[{"@type":"Article","@id":"https:\/\/luxm2.com\/es\/2016-04-21-ostras-en-leucate-francia\/#article","isPartOf":{"@id":"https:\/\/luxm2.com\/es\/2016-04-21-ostras-en-leucate-francia\/"},"author":{"name":"admin","@id":"https:\/\/luxm2.com\/es\/#\/schema\/person\/a7cbf86e5aa53e28f329a51b0ef2e1ab"},"headline":"Granjas de ostras en Leucate, Francia","datePublished":"2016-04-21T16:09:27+00:00","dateModified":"2020-01-30T13:58:29+00:00","mainEntityOfPage":{"@id":"https:\/\/luxm2.com\/es\/2016-04-21-ostras-en-leucate-francia\/"},"wordCount":381,"publisher":{"@id":"https:\/\/luxm2.com\/es\/#organization"},"image":{"@id":"https:\/\/luxm2.com\/es\/2016-04-21-ostras-en-leucate-francia\/#primaryimage"},"thumbnailUrl":"https:\/\/luxm2.com\/wp-content\/uploads\/2016\/04\/2016-04-21-ustrichnye-fermy-vo-francii_0001-.jpg","articleSection":["Puntos de inter\u00e9s"],"inLanguage":"es"},{"@type":"WebPage","@id":"https:\/\/luxm2.com\/es\/2016-04-21-ostras-en-leucate-francia\/","url":"https:\/\/luxm2.com\/es\/2016-04-21-ostras-en-leucate-francia\/","name":"M2 Lux - Un delicioso viaje a las granjas de ostras en Leucate, Francia.","isPartOf":{"@id":"https:\/\/luxm2.com\/es\/#website"},"primaryImageOfPage":{"@id":"https:\/\/luxm2.com\/es\/2016-04-21-ostras-en-leucate-francia\/#primaryimage"},"image":{"@id":"https:\/\/luxm2.com\/es\/2016-04-21-ostras-en-leucate-francia\/#primaryimage"},"thumbnailUrl":"https:\/\/luxm2.com\/wp-content\/uploads\/2016\/04\/2016-04-21-ustrichnye-fermy-vo-francii_0001-.jpg","datePublished":"2016-04-21T16:09:27+00:00","dateModified":"2020-01-30T13:58:29+00:00","description":"Una breve historia sobre un lugar donde puede salir de la Costa Brava para disfrutar de ostras frescas: estas son granjas de ostras en Leucate, Francia.","breadcrumb":{"@id":"https:\/\/luxm2.com\/es\/2016-04-21-ostras-en-leucate-francia\/#breadcrumb"},"inLanguage":"es","potentialAction":[{"@type":"ReadAction","target":["https:\/\/luxm2.com\/es\/2016-04-21-ostras-en-leucate-francia\/"]}]},{"@type":"ImageObject","inLanguage":"es","@id":"https:\/\/luxm2.com\/es\/2016-04-21-ostras-en-leucate-francia\/#primaryimage","url":"https:\/\/luxm2.com\/wp-content\/uploads\/2016\/04\/2016-04-21-ustrichnye-fermy-vo-francii_0001-.jpg","contentUrl":"https:\/\/luxm2.com\/wp-content\/uploads\/2016\/04\/2016-04-21-ustrichnye-fermy-vo-francii_0001-.jpg","width":1600,"height":1067},{"@type":"BreadcrumbList","@id":"https:\/\/luxm2.com\/es\/2016-04-21-ostras-en-leucate-francia\/#breadcrumb","itemListElement":[{"@type":"ListItem","position":1,"name":"Home","item":"https:\/\/luxm2.com\/es\/"},{"@type":"ListItem","position":2,"name":"Puntos de inter\u00e9s","item":"https:\/\/luxm2.com\/es\/category\/cbinfo-es\/"},{"@type":"ListItem","position":3,"name":"Granjas de ostras en Leucate, Francia"}]},{"@type":"WebSite","@id":"https:\/\/luxm2.com\/es\/#website","url":"https:\/\/luxm2.com\/es\/","name":"M2 Lux","description":"M2 Lux Real Estate Agency","publisher":{"@id":"https:\/\/luxm2.com\/es\/#organization"},"potentialAction":[{"@type":"SearchAction","target":{"@type":"EntryPoint","urlTemplate":"https:\/\/luxm2.com\/es\/?s={search_term_string}"},"query-input":{"@type":"PropertyValueSpecification","valueRequired":true,"valueName":"search_term_string"}}],"inLanguage":"es"},{"@type":"Organization","@id":"https:\/\/luxm2.com\/es\/#organization","name":"Brokerage & Consulting M2 Lux S.L.","url":"https:\/\/luxm2.com\/es\/","logo":{"@type":"ImageObject","inLanguage":"es","@id":"https:\/\/luxm2.com\/es\/#\/schema\/logo\/image\/","url":"https:\/\/luxm2.com\/wp-content\/uploads\/2017\/08\/LUX-M2-without-border-500.jpg","contentUrl":"https:\/\/luxm2.com\/wp-content\/uploads\/2017\/08\/LUX-M2-without-border-500.jpg","width":500,"height":500,"caption":"Brokerage & Consulting M2 Lux S.L."},"image":{"@id":"https:\/\/luxm2.com\/es\/#\/schema\/logo\/image\/"},"sameAs":["https:\/\/www.facebook.com\/luxm2\/?hc_ref=ARQm5M0UOH26I3A0w4V9JnxdLbywuIk19cmpkoZdQL5sdrhr4Kl4cGjwLW9M9U-wKig&amp;amp;amp;amp;amp;amp;amp;amp;amp;amp;amp;amp;amp;amp;amp;amp;amp;amp;amp;amp;amp;amp;amp;amp;amp;amp;amp;amp;amp;amp;amp;amp;amp;amp;amp;amp;amp;amp;fref=nf","https:\/\/www.instagram.com\/m2luxspain\/","https:\/\/www.pinterest.es\/m2luximmo\/"]},{"@type":"Person","@id":"https:\/\/luxm2.com\/es\/#\/schema\/person\/a7cbf86e5aa53e28f329a51b0ef2e1ab","name":"admin","image":{"@type":"ImageObject","inLanguage":"es","@id":"https:\/\/luxm2.com\/wp-content\/litespeed\/avatar\/c926f74982654e1c0506c827b8316352.jpg?ver=1777233247","url":"https:\/\/luxm2.com\/wp-content\/litespeed\/avatar\/c926f74982654e1c0506c827b8316352.jpg?ver=1777233247","contentUrl":"https:\/\/luxm2.com\/wp-content\/litespeed\/avatar\/c926f74982654e1c0506c827b8316352.jpg?ver=1777233247","caption":"admin"}}]}},"_links":{"self":[{"href":"https:\/\/luxm2.com\/es\/wp-json\/wp\/v2\/posts\/55366","targetHints":{"allow":["GET"]}}],"collection":[{"href":"https:\/\/luxm2.com\/es\/wp-json\/wp\/v2\/posts"}],"about":[{"href":"https:\/\/luxm2.com\/es\/wp-json\/wp\/v2\/types\/post"}],"author":[{"embeddable":true,"href":"https:\/\/luxm2.com\/es\/wp-json\/wp\/v2\/users\/1"}],"replies":[{"embeddable":true,"href":"https:\/\/luxm2.com\/es\/wp-json\/wp\/v2\/comments?post=55366"}],"version-history":[{"count":0,"href":"https:\/\/luxm2.com\/es\/wp-json\/wp\/v2\/posts\/55366\/revisions"}],"wp:featuredmedia":[{"embeddable":true,"href":"https:\/\/luxm2.com\/es\/wp-json\/wp\/v2\/media\/55321"}],"wp:attachment":[{"href":"https:\/\/luxm2.com\/es\/wp-json\/wp\/v2\/media?parent=55366"}],"wp:term":[{"taxonomy":"category","embeddable":true,"href":"https:\/\/luxm2.com\/es\/wp-json\/wp\/v2\/categories?post=55366"},{"taxonomy":"post_tag","embeddable":true,"href":"https:\/\/luxm2.com\/es\/wp-json\/wp\/v2\/tags?post=55366"}],"curies":[{"name":"wp","href":"https:\/\/api.w.org\/{rel}","templated":true}]}}