{"id":77248,"date":"2020-09-15T13:25:14","date_gmt":"2020-09-15T11:25:14","guid":{"rendered":"https:\/\/luxm2.com\/monestir-de-sant-pere-de-rodes\/"},"modified":"2020-09-15T14:05:14","modified_gmt":"2020-09-15T12:05:14","slug":"2020-09-15-monestir-de-sant-pere-de-rodes","status":"publish","type":"post","link":"https:\/\/luxm2.com\/ca\/2020-09-15-monestir-de-sant-pere-de-rodes\/","title":{"rendered":"Monestir de Sant Pere de Rodes."},"content":{"rendered":"<div>\n<div>En el vessant nord del punt a l\u2019est m\u00e9s prominent de la Pen\u00ednsula Ib\u00e8rica, del Cap de Creus, en un lloc amb vistes impressionants al mar Mediterrani, es troba l&#8217;una vegada poder\u00f3s monestir benedict\u00ed de Sant Pere de Rodes. Per cert, aquest lloc es considerat com un dels llocs m\u00e9s visitats d&#8217;Espanya!<\/div>\n<div>Els primers monjos, atrets per les impressionants vistes, el bon clima i gaireb\u00e9 a peu de la bonica platja de sorra a la ciutat propera de Port de la Selva, es van establir aqu\u00ed al segle IX. Ja en 944, el monestir tenia l&#8217;estatus d&#8217;abadia i es va convertir en un centre de pelegrinatge pels monjos errants de tots els pa\u00efsos de l&#8217;m\u00f3n cristi\u00e0. Com sol ser el cas, les q\u00fcestions de diners i de la propietat de la terra feien malb\u00e9 durant molt de temps les relacions entre els fraterns pobles espanyols i francesos, i els problemes tenien, com sempre, els desafortunats catalans que es van trobar al mig. Nombroses guerres, atacs de pirates nord-africans, aix\u00ed com terribles epid\u00e8mies, freq\u00fcents durant l&#8217;edat mitjana, van portar al fet que el monestir va comen\u00e7ar a declinar gradualment, a partir d&#8217;al segle XIV. Fins i tot el floriment\u00a0\u00a0de la vinificaci\u00f3 en aquesta regi\u00f3 en els segles XVII-XVIII no va poder canviar la situaci\u00f3 i l&#8217;estat d&#8217;\u00e0nim. Des de mitjans de segle XIX, el monestir ha estat sistem\u00e0ticament destru\u00eft i literalment saquejat en parts per gelosos ve\u00efns camperols i cobdiciosos col\u00b7leccionistes d&#8217;antiguitats.<\/div>\n<div>Afortunadament, el 1930 el monestir va ser declarat Monument Hist\u00f2ric Art\u00edstic Nacional. Des de llavors, s&#8217;han dut a terme nombrosos treballs de restauraci\u00f3 en el seu territori en un intent de reviure l&#8217;aspecte anterior d&#8217;aquesta impressionant creaci\u00f3 de mans humanes. Avui tenim l&#8217;oportunitat de visitar el monestir de Sant Pere de Rodes i entendre qu\u00e8 va fer que els monjos benedictins adquirissin b\u00e9ns immobles en aquesta zona particular de Catalunya.<\/div>\n<\/div>\n<div><\/div>\n<p><!--more--><\/p>\n<div style=\"text-align: left;\">Algunes fotos per fer-te una idea general i decidir si necessites anar-hi.<\/div>\n<div style=\"text-align: center;\"><\/div>\n<h5 style=\"text-align: center;\">***<\/h5>\n<div style=\"text-align: center;\"><a href=\"https:\/\/luxm2.com\/wp-content\/uploads\/2020\/09\/2020-09-15-monastyr-sant-pere-de-rodes_0002.jpg\" target=\"_blank\" rel=\"noopener noreferrer\"><img decoding=\"async\" class=\"aligncenter wp-image-77163 size-large\" src=\"https:\/\/luxm2.com\/wp-content\/uploads\/2020\/09\/2020-09-15-monastyr-sant-pere-de-rodes_0002-1024x683.jpg\" alt=\"\u041c\u043e\u043d\u0430\u0441\u0442\u044b\u0440\u044c Sant Pere de Rodes Monastery Monast\u00e8re Monasterio Monestir\" width=\"1024\" height=\"683\" srcset=\"https:\/\/luxm2.com\/wp-content\/uploads\/2020\/09\/2020-09-15-monastyr-sant-pere-de-rodes_0002-1024x683.jpg 1024w, https:\/\/luxm2.com\/wp-content\/uploads\/2020\/09\/2020-09-15-monastyr-sant-pere-de-rodes_0002-300x200.jpg 300w, https:\/\/luxm2.com\/wp-content\/uploads\/2020\/09\/2020-09-15-monastyr-sant-pere-de-rodes_0002-768x512.jpg 768w, https:\/\/luxm2.com\/wp-content\/uploads\/2020\/09\/2020-09-15-monastyr-sant-pere-de-rodes_0002-1536x1024.jpg 1536w, https:\/\/luxm2.com\/wp-content\/uploads\/2020\/09\/2020-09-15-monastyr-sant-pere-de-rodes_0002.jpg 1600w\" sizes=\"(max-width: 1024px) 100vw, 1024px\" \/><\/a><\/div>\n<div style=\"text-align: center;\">\n<div>Deixem el cotxe al <a href=\"https:\/\/goo.gl\/maps\/281JrbwgWpqqAt8f8\" target=\"_blank\" rel=\"noopener noreferrer\">p\u00e0rquing <\/a>i seguim pel sender cap al monestir.<\/div>\n<\/div>\n<div style=\"text-align: center;\">***<\/div>\n<div style=\"text-align: center;\"><\/div>\n<div style=\"text-align: center;\"><a href=\"https:\/\/luxm2.com\/wp-content\/uploads\/2020\/09\/2020-09-15-monastyr-sant-pere-de-rodes_0003.jpg\" target=\"_blank\" rel=\"noopener noreferrer\"><img decoding=\"async\" class=\"aligncenter wp-image-77168 size-large\" src=\"https:\/\/luxm2.com\/wp-content\/uploads\/2020\/09\/2020-09-15-monastyr-sant-pere-de-rodes_0003-1024x683.jpg\" alt=\"\u041c\u043e\u043d\u0430\u0441\u0442\u044b\u0440\u044c Sant Pere de Rodes Monastery Monast\u00e8re Monasterio Monestir\" width=\"1024\" height=\"683\" srcset=\"https:\/\/luxm2.com\/wp-content\/uploads\/2020\/09\/2020-09-15-monastyr-sant-pere-de-rodes_0003-1024x683.jpg 1024w, https:\/\/luxm2.com\/wp-content\/uploads\/2020\/09\/2020-09-15-monastyr-sant-pere-de-rodes_0003-300x200.jpg 300w, https:\/\/luxm2.com\/wp-content\/uploads\/2020\/09\/2020-09-15-monastyr-sant-pere-de-rodes_0003-768x512.jpg 768w, https:\/\/luxm2.com\/wp-content\/uploads\/2020\/09\/2020-09-15-monastyr-sant-pere-de-rodes_0003-1536x1024.jpg 1536w, https:\/\/luxm2.com\/wp-content\/uploads\/2020\/09\/2020-09-15-monastyr-sant-pere-de-rodes_0003.jpg 1600w\" sizes=\"(max-width: 1024px) 100vw, 1024px\" \/><\/a>A mig quil\u00f2metre del monestir es troben les ru\u00efnes de la vila de Santa Creu que una vegada va existir aqu\u00ed. La foto mostra les restes de l&#8217;esgl\u00e9sia de Santa Helena de Roda, esmentada per primera vegada en les cr\u00f2niques hist\u00f2riques en 974. El poble va ser abandonat pels habitants en la mateixa \u00e8poca en qu\u00e8 els monjos van abandonar el monestir.<\/div>\n<div style=\"text-align: center;\">***<\/div>\n<div style=\"text-align: center;\"><\/div>\n<div style=\"text-align: center;\"><a href=\"https:\/\/luxm2.com\/wp-content\/uploads\/2020\/09\/2020-09-15-monastyr-sant-pere-de-rodes_0004.jpg\" target=\"_blank\" rel=\"noopener noreferrer\"><img decoding=\"async\" class=\"aligncenter wp-image-77173 size-large\" src=\"https:\/\/luxm2.com\/wp-content\/uploads\/2020\/09\/2020-09-15-monastyr-sant-pere-de-rodes_0004-1024x683.jpg\" alt=\"\u041c\u043e\u043d\u0430\u0441\u0442\u044b\u0440\u044c Sant Pere de Rodes Monastery Monast\u00e8re Monasterio Monestir\" width=\"1024\" height=\"683\" srcset=\"https:\/\/luxm2.com\/wp-content\/uploads\/2020\/09\/2020-09-15-monastyr-sant-pere-de-rodes_0004-1024x683.jpg 1024w, https:\/\/luxm2.com\/wp-content\/uploads\/2020\/09\/2020-09-15-monastyr-sant-pere-de-rodes_0004-300x200.jpg 300w, https:\/\/luxm2.com\/wp-content\/uploads\/2020\/09\/2020-09-15-monastyr-sant-pere-de-rodes_0004-768x512.jpg 768w, https:\/\/luxm2.com\/wp-content\/uploads\/2020\/09\/2020-09-15-monastyr-sant-pere-de-rodes_0004-1536x1024.jpg 1536w, https:\/\/luxm2.com\/wp-content\/uploads\/2020\/09\/2020-09-15-monastyr-sant-pere-de-rodes_0004.jpg 1600w\" sizes=\"(max-width: 1024px) 100vw, 1024px\" \/><\/a>Les torres imponents del monestir. A l&#8217;esquerra hi ha el campanar de l&#8217;esgl\u00e9sia de monestir. A la dreta hi ha la torre, que servia de protecci\u00f3 als monjos i pelegrins durant els atacs enemics. Aquesta torre no t\u00e9 entrada des de l&#8217;exterior, nom\u00e9s des la de l&#8217;interior del monestir, i es podia arribar al seu cim nom\u00e9s a trav\u00e9s dels forats fets entre els pisos de l&#8217;interior de la torre.<\/div>\n<div style=\"text-align: center;\">***<\/div>\n<div style=\"text-align: center;\"><\/div>\n<div style=\"text-align: center;\"><a href=\"https:\/\/luxm2.com\/wp-content\/uploads\/2020\/09\/2020-09-15-monastyr-sant-pere-de-rodes_0005.jpg\" target=\"_blank\" rel=\"noopener noreferrer\"><img decoding=\"async\" class=\"aligncenter wp-image-77178 size-large\" src=\"https:\/\/luxm2.com\/wp-content\/uploads\/2020\/09\/2020-09-15-monastyr-sant-pere-de-rodes_0005-1024x683.jpg\" alt=\"\u041c\u043e\u043d\u0430\u0441\u0442\u044b\u0440\u044c Sant Pere de Rodes Monastery Monast\u00e8re Monasterio Monestir\" width=\"1024\" height=\"683\" srcset=\"https:\/\/luxm2.com\/wp-content\/uploads\/2020\/09\/2020-09-15-monastyr-sant-pere-de-rodes_0005-1024x683.jpg 1024w, https:\/\/luxm2.com\/wp-content\/uploads\/2020\/09\/2020-09-15-monastyr-sant-pere-de-rodes_0005-300x200.jpg 300w, https:\/\/luxm2.com\/wp-content\/uploads\/2020\/09\/2020-09-15-monastyr-sant-pere-de-rodes_0005-768x512.jpg 768w, https:\/\/luxm2.com\/wp-content\/uploads\/2020\/09\/2020-09-15-monastyr-sant-pere-de-rodes_0005-1536x1024.jpg 1536w, https:\/\/luxm2.com\/wp-content\/uploads\/2020\/09\/2020-09-15-monastyr-sant-pere-de-rodes_0005.jpg 1600w\" sizes=\"(max-width: 1024px) 100vw, 1024px\" \/><\/a>A la part inferior esquerra de la foto, l&#8217;entrada a l&#8217;esgl\u00e9sia de monestir. Pots imaginar la vista al mar des de les torres del monestir!<\/div>\n<h5 style=\"text-align: center;\">***<\/h5>\n<div style=\"text-align: center;\"><a href=\"https:\/\/luxm2.com\/wp-content\/uploads\/2020\/09\/2020-09-15-monastyr-sant-pere-de-rodes_0006.jpg\" target=\"_blank\" rel=\"noopener noreferrer\"><img decoding=\"async\" class=\"aligncenter wp-image-77183 size-large\" src=\"https:\/\/luxm2.com\/wp-content\/uploads\/2020\/09\/2020-09-15-monastyr-sant-pere-de-rodes_0006-1024x683.jpg\" alt=\"\u041c\u043e\u043d\u0430\u0441\u0442\u044b\u0440\u044c Sant Pere de Rodes Monastery Monast\u00e8re Monasterio Monestir\" width=\"1024\" height=\"683\" srcset=\"https:\/\/luxm2.com\/wp-content\/uploads\/2020\/09\/2020-09-15-monastyr-sant-pere-de-rodes_0006-1024x683.jpg 1024w, https:\/\/luxm2.com\/wp-content\/uploads\/2020\/09\/2020-09-15-monastyr-sant-pere-de-rodes_0006-300x200.jpg 300w, https:\/\/luxm2.com\/wp-content\/uploads\/2020\/09\/2020-09-15-monastyr-sant-pere-de-rodes_0006-768x512.jpg 768w, https:\/\/luxm2.com\/wp-content\/uploads\/2020\/09\/2020-09-15-monastyr-sant-pere-de-rodes_0006-1536x1024.jpg 1536w, https:\/\/luxm2.com\/wp-content\/uploads\/2020\/09\/2020-09-15-monastyr-sant-pere-de-rodes_0006.jpg 1600w\" sizes=\"(max-width: 1024px) 100vw, 1024px\" \/><\/a>A la part alta de la torre de defensa, les restes de bigues de fusta s\u00f3n clarament visibles. Hi havia un balc\u00f3 sobre el qual es podien refugiar els monjos i convidats del monestir en cas de perill, y al mateix temps es podien gaudir l&#8217;oportunitat d&#8217;admirar els bells paisatges, aix\u00ed com les figures en miniatura dels enemics molt abaix.<\/div>\n<div style=\"text-align: center;\">***<\/div>\n<div><\/div>\n<div style=\"text-align: center;\"><a href=\"https:\/\/luxm2.com\/wp-content\/uploads\/2020\/09\/2020-09-15-monastyr-sant-pere-de-rodes_0007.jpg\" target=\"_blank\" rel=\"noopener noreferrer\"><img decoding=\"async\" class=\"aligncenter wp-image-77188 size-large\" src=\"https:\/\/luxm2.com\/wp-content\/uploads\/2020\/09\/2020-09-15-monastyr-sant-pere-de-rodes_0007-1024x683.jpg\" alt=\"\" width=\"1024\" height=\"683\" srcset=\"https:\/\/luxm2.com\/wp-content\/uploads\/2020\/09\/2020-09-15-monastyr-sant-pere-de-rodes_0007-1024x683.jpg 1024w, https:\/\/luxm2.com\/wp-content\/uploads\/2020\/09\/2020-09-15-monastyr-sant-pere-de-rodes_0007-300x200.jpg 300w, https:\/\/luxm2.com\/wp-content\/uploads\/2020\/09\/2020-09-15-monastyr-sant-pere-de-rodes_0007-768x512.jpg 768w, https:\/\/luxm2.com\/wp-content\/uploads\/2020\/09\/2020-09-15-monastyr-sant-pere-de-rodes_0007-1536x1024.jpg 1536w, https:\/\/luxm2.com\/wp-content\/uploads\/2020\/09\/2020-09-15-monastyr-sant-pere-de-rodes_0007.jpg 1600w\" sizes=\"(max-width: 1024px) 100vw, 1024px\" \/><\/a>Les parets del monestir es reflecteixen meravellosament a les finestres espejadas de l&#8217;edifici administratiu.<\/div>\n<div style=\"text-align: center;\">***<\/div>\n<div style=\"text-align: center;\"><\/div>\n<div style=\"text-align: center;\"><a href=\"https:\/\/luxm2.com\/wp-content\/uploads\/2020\/09\/2020-09-15-monastyr-sant-pere-de-rodes_0008.jpg\" target=\"_blank\" rel=\"noopener noreferrer\"><img decoding=\"async\" class=\"aligncenter wp-image-77193 size-large\" src=\"https:\/\/luxm2.com\/wp-content\/uploads\/2020\/09\/2020-09-15-monastyr-sant-pere-de-rodes_0008-1024x683.jpg\" alt=\"\" width=\"1024\" height=\"683\" srcset=\"https:\/\/luxm2.com\/wp-content\/uploads\/2020\/09\/2020-09-15-monastyr-sant-pere-de-rodes_0008-1024x683.jpg 1024w, https:\/\/luxm2.com\/wp-content\/uploads\/2020\/09\/2020-09-15-monastyr-sant-pere-de-rodes_0008-300x200.jpg 300w, https:\/\/luxm2.com\/wp-content\/uploads\/2020\/09\/2020-09-15-monastyr-sant-pere-de-rodes_0008-768x512.jpg 768w, https:\/\/luxm2.com\/wp-content\/uploads\/2020\/09\/2020-09-15-monastyr-sant-pere-de-rodes_0008-1536x1024.jpg 1536w, https:\/\/luxm2.com\/wp-content\/uploads\/2020\/09\/2020-09-15-monastyr-sant-pere-de-rodes_0008.jpg 1600w\" sizes=\"(max-width: 1024px) 100vw, 1024px\" \/><\/a>Escala cap avall que condueix a l&#8217;esgl\u00e9sia de monestir.<\/div>\n<div style=\"text-align: center;\">***<\/div>\n<div style=\"text-align: center;\"><\/div>\n<div style=\"text-align: center;\"><a href=\"https:\/\/luxm2.com\/wp-content\/uploads\/2020\/09\/2020-09-15-monastyr-sant-pere-de-rodes_0009.jpg\" target=\"_blank\" rel=\"noopener noreferrer\"><img decoding=\"async\" class=\"aligncenter wp-image-77198 size-large\" src=\"https:\/\/luxm2.com\/wp-content\/uploads\/2020\/09\/2020-09-15-monastyr-sant-pere-de-rodes_0009-1024x683.jpg\" alt=\"\" width=\"1024\" height=\"683\" srcset=\"https:\/\/luxm2.com\/wp-content\/uploads\/2020\/09\/2020-09-15-monastyr-sant-pere-de-rodes_0009-1024x683.jpg 1024w, https:\/\/luxm2.com\/wp-content\/uploads\/2020\/09\/2020-09-15-monastyr-sant-pere-de-rodes_0009-300x200.jpg 300w, https:\/\/luxm2.com\/wp-content\/uploads\/2020\/09\/2020-09-15-monastyr-sant-pere-de-rodes_0009-768x512.jpg 768w, https:\/\/luxm2.com\/wp-content\/uploads\/2020\/09\/2020-09-15-monastyr-sant-pere-de-rodes_0009-1536x1024.jpg 1536w, https:\/\/luxm2.com\/wp-content\/uploads\/2020\/09\/2020-09-15-monastyr-sant-pere-de-rodes_0009.jpg 1600w\" sizes=\"(max-width: 1024px) 100vw, 1024px\" \/><\/a>La majestuosa esgl\u00e9sia de monestir. La c\u00fapula t\u00e9 16 metres d&#8217;altura. Les voltes de suport de les columnes s\u00f3n d&#8217;estil corinti. L&#8217;esgl\u00e9sia va ser constru\u00efda en el per\u00edode del segle X a l&#8217;XI i es troba al vessant d&#8217;una muntanya, la difer\u00e8ncia d&#8217;altura entre les parts nord i sud de l&#8217;esgl\u00e9sia \u00e9s d&#8217;uns 4 metres. S\u00ed, els catalans ja sabien construir durant segles! L&#8217;interior de l&#8217;esgl\u00e9sia va ser completament saquejat. Diuen que els fragments es troben en museus i col\u00b7leccions d&#8217;antiguitats de tot el m\u00f3n.<\/div>\n<h5 style=\"text-align: center;\">***<\/h5>\n<div style=\"text-align: center;\"><a href=\"https:\/\/luxm2.com\/wp-content\/uploads\/2020\/09\/2020-09-15-monastyr-sant-pere-de-rodes_0010.jpg\" target=\"_blank\" rel=\"noopener noreferrer\"><img decoding=\"async\" class=\"aligncenter wp-image-77203 size-large\" src=\"https:\/\/luxm2.com\/wp-content\/uploads\/2020\/09\/2020-09-15-monastyr-sant-pere-de-rodes_0010-1024x683.jpg\" alt=\"\" width=\"1024\" height=\"683\" srcset=\"https:\/\/luxm2.com\/wp-content\/uploads\/2020\/09\/2020-09-15-monastyr-sant-pere-de-rodes_0010-1024x683.jpg 1024w, https:\/\/luxm2.com\/wp-content\/uploads\/2020\/09\/2020-09-15-monastyr-sant-pere-de-rodes_0010-300x200.jpg 300w, https:\/\/luxm2.com\/wp-content\/uploads\/2020\/09\/2020-09-15-monastyr-sant-pere-de-rodes_0010-768x512.jpg 768w, https:\/\/luxm2.com\/wp-content\/uploads\/2020\/09\/2020-09-15-monastyr-sant-pere-de-rodes_0010-1536x1024.jpg 1536w, https:\/\/luxm2.com\/wp-content\/uploads\/2020\/09\/2020-09-15-monastyr-sant-pere-de-rodes_0010.jpg 1600w\" sizes=\"(max-width: 1024px) 100vw, 1024px\" \/><\/a>El pati interior de el monestir, cient\u00edficament &#8211; un claustre. Va ser restaurat gaireb\u00e9 per complet durant els treballs de restauraci\u00f3 a la fi del segle passat.<\/div>\n<div style=\"text-align: center;\">***<\/div>\n<div style=\"text-align: center;\"><\/div>\n<div style=\"text-align: center;\"><a href=\"https:\/\/luxm2.com\/wp-content\/uploads\/2020\/09\/2020-09-15-monastyr-sant-pere-de-rodes_0011.jpg\" target=\"_blank\" rel=\"noopener noreferrer\"><img decoding=\"async\" class=\"aligncenter wp-image-77208 size-large\" src=\"https:\/\/luxm2.com\/wp-content\/uploads\/2020\/09\/2020-09-15-monastyr-sant-pere-de-rodes_0011-1024x683.jpg\" alt=\"\" width=\"1024\" height=\"683\" srcset=\"https:\/\/luxm2.com\/wp-content\/uploads\/2020\/09\/2020-09-15-monastyr-sant-pere-de-rodes_0011-1024x683.jpg 1024w, https:\/\/luxm2.com\/wp-content\/uploads\/2020\/09\/2020-09-15-monastyr-sant-pere-de-rodes_0011-300x200.jpg 300w, https:\/\/luxm2.com\/wp-content\/uploads\/2020\/09\/2020-09-15-monastyr-sant-pere-de-rodes_0011-768x512.jpg 768w, https:\/\/luxm2.com\/wp-content\/uploads\/2020\/09\/2020-09-15-monastyr-sant-pere-de-rodes_0011-1536x1024.jpg 1536w, https:\/\/luxm2.com\/wp-content\/uploads\/2020\/09\/2020-09-15-monastyr-sant-pere-de-rodes_0011.jpg 1600w\" sizes=\"(max-width: 1024px) 100vw, 1024px\" \/><\/a>Les columnes i fins i tot parts de les parets van ser destru\u00efdes i robades en el per\u00edode de 1835 a 1930. Avui en dia, nom\u00e9s es pot imaginar com era realment tot aqu\u00ed.<\/div>\n<div style=\"text-align: center;\">***<\/div>\n<div style=\"text-align: center;\"><\/div>\n<div style=\"text-align: center;\"><a href=\"https:\/\/luxm2.com\/wp-content\/uploads\/2020\/09\/2020-09-15-monastyr-sant-pere-de-rodes_0012.jpg\" target=\"_blank\" rel=\"noopener noreferrer\"><img decoding=\"async\" class=\"aligncenter wp-image-77213 size-large\" src=\"https:\/\/luxm2.com\/wp-content\/uploads\/2020\/09\/2020-09-15-monastyr-sant-pere-de-rodes_0012-1024x683.jpg\" alt=\"\" width=\"1024\" height=\"683\" srcset=\"https:\/\/luxm2.com\/wp-content\/uploads\/2020\/09\/2020-09-15-monastyr-sant-pere-de-rodes_0012-1024x683.jpg 1024w, https:\/\/luxm2.com\/wp-content\/uploads\/2020\/09\/2020-09-15-monastyr-sant-pere-de-rodes_0012-300x200.jpg 300w, https:\/\/luxm2.com\/wp-content\/uploads\/2020\/09\/2020-09-15-monastyr-sant-pere-de-rodes_0012-768x512.jpg 768w, https:\/\/luxm2.com\/wp-content\/uploads\/2020\/09\/2020-09-15-monastyr-sant-pere-de-rodes_0012-1536x1024.jpg 1536w, https:\/\/luxm2.com\/wp-content\/uploads\/2020\/09\/2020-09-15-monastyr-sant-pere-de-rodes_0012.jpg 1600w\" sizes=\"(max-width: 1024px) 100vw, 1024px\" \/><\/a>Vista del campanar des del pati.<\/div>\n<div style=\"text-align: center;\">***<\/div>\n<div style=\"text-align: center;\"><\/div>\n<div style=\"text-align: center;\"><a href=\"https:\/\/luxm2.com\/wp-content\/uploads\/2020\/09\/2020-09-15-monastyr-sant-pere-de-rodes_0013.jpg\" target=\"_blank\" rel=\"noopener noreferrer\"><img decoding=\"async\" class=\"aligncenter wp-image-77218 size-large\" src=\"https:\/\/luxm2.com\/wp-content\/uploads\/2020\/09\/2020-09-15-monastyr-sant-pere-de-rodes_0013-1024x683.jpg\" alt=\"\" width=\"1024\" height=\"683\" srcset=\"https:\/\/luxm2.com\/wp-content\/uploads\/2020\/09\/2020-09-15-monastyr-sant-pere-de-rodes_0013-1024x683.jpg 1024w, https:\/\/luxm2.com\/wp-content\/uploads\/2020\/09\/2020-09-15-monastyr-sant-pere-de-rodes_0013-300x200.jpg 300w, https:\/\/luxm2.com\/wp-content\/uploads\/2020\/09\/2020-09-15-monastyr-sant-pere-de-rodes_0013-768x512.jpg 768w, https:\/\/luxm2.com\/wp-content\/uploads\/2020\/09\/2020-09-15-monastyr-sant-pere-de-rodes_0013-1536x1024.jpg 1536w, https:\/\/luxm2.com\/wp-content\/uploads\/2020\/09\/2020-09-15-monastyr-sant-pere-de-rodes_0013.jpg 1600w\" sizes=\"(max-width: 1024px) 100vw, 1024px\" \/><\/a>I aquesta \u00e9s la vista de l&#8217;campanar des de la galeria que connecta el campanar amb la torre de defensa.<\/div>\n<h5 style=\"text-align: center;\">***<\/h5>\n<div style=\"text-align: center;\"><a href=\"https:\/\/luxm2.com\/wp-content\/uploads\/2020\/09\/2020-09-15-monastyr-sant-pere-de-rodes_0014.jpg\" target=\"_blank\" rel=\"noopener noreferrer\"><img decoding=\"async\" class=\"aligncenter wp-image-77223 size-large\" src=\"https:\/\/luxm2.com\/wp-content\/uploads\/2020\/09\/2020-09-15-monastyr-sant-pere-de-rodes_0014-1024x683.jpg\" alt=\"\" width=\"1024\" height=\"683\" srcset=\"https:\/\/luxm2.com\/wp-content\/uploads\/2020\/09\/2020-09-15-monastyr-sant-pere-de-rodes_0014-1024x683.jpg 1024w, https:\/\/luxm2.com\/wp-content\/uploads\/2020\/09\/2020-09-15-monastyr-sant-pere-de-rodes_0014-300x200.jpg 300w, https:\/\/luxm2.com\/wp-content\/uploads\/2020\/09\/2020-09-15-monastyr-sant-pere-de-rodes_0014-768x512.jpg 768w, https:\/\/luxm2.com\/wp-content\/uploads\/2020\/09\/2020-09-15-monastyr-sant-pere-de-rodes_0014-1536x1024.jpg 1536w, https:\/\/luxm2.com\/wp-content\/uploads\/2020\/09\/2020-09-15-monastyr-sant-pere-de-rodes_0014.jpg 1600w\" sizes=\"(max-width: 1024px) 100vw, 1024px\" \/><\/a>Vista de la torre de defensa des del pis superior.<\/div>\n<div style=\"text-align: center;\">***<\/div>\n<div style=\"text-align: center;\"><\/div>\n<div style=\"text-align: center;\"><a href=\"https:\/\/luxm2.com\/wp-content\/uploads\/2020\/09\/2020-09-15-monastyr-sant-pere-de-rodes_0015.jpg\" target=\"_blank\" rel=\"noopener noreferrer\"><img decoding=\"async\" class=\"aligncenter wp-image-77228 size-large\" src=\"https:\/\/luxm2.com\/wp-content\/uploads\/2020\/09\/2020-09-15-monastyr-sant-pere-de-rodes_0015-1024x683.jpg\" alt=\"\" width=\"1024\" height=\"683\" srcset=\"https:\/\/luxm2.com\/wp-content\/uploads\/2020\/09\/2020-09-15-monastyr-sant-pere-de-rodes_0015-1024x683.jpg 1024w, https:\/\/luxm2.com\/wp-content\/uploads\/2020\/09\/2020-09-15-monastyr-sant-pere-de-rodes_0015-300x200.jpg 300w, https:\/\/luxm2.com\/wp-content\/uploads\/2020\/09\/2020-09-15-monastyr-sant-pere-de-rodes_0015-768x512.jpg 768w, https:\/\/luxm2.com\/wp-content\/uploads\/2020\/09\/2020-09-15-monastyr-sant-pere-de-rodes_0015-1536x1024.jpg 1536w, https:\/\/luxm2.com\/wp-content\/uploads\/2020\/09\/2020-09-15-monastyr-sant-pere-de-rodes_0015.jpg 1600w\" sizes=\"(max-width: 1024px) 100vw, 1024px\" \/><\/a>Els \u00faltims raigs de sol ponent il\u00b7luminen el monestir.<\/div>\n<div style=\"text-align: center;\">***<\/div>\n<div style=\"text-align: center;\"><\/div>\n<div style=\"text-align: center;\"><a href=\"https:\/\/luxm2.com\/wp-content\/uploads\/2020\/09\/2020-09-15-monastyr-sant-pere-de-rodes_0016.jpg\" target=\"_blank\" rel=\"noopener noreferrer\"><img decoding=\"async\" class=\"aligncenter wp-image-77233 size-large\" src=\"https:\/\/luxm2.com\/wp-content\/uploads\/2020\/09\/2020-09-15-monastyr-sant-pere-de-rodes_0016-1024x683.jpg\" alt=\"\" width=\"1024\" height=\"683\" srcset=\"https:\/\/luxm2.com\/wp-content\/uploads\/2020\/09\/2020-09-15-monastyr-sant-pere-de-rodes_0016-1024x683.jpg 1024w, https:\/\/luxm2.com\/wp-content\/uploads\/2020\/09\/2020-09-15-monastyr-sant-pere-de-rodes_0016-300x200.jpg 300w, https:\/\/luxm2.com\/wp-content\/uploads\/2020\/09\/2020-09-15-monastyr-sant-pere-de-rodes_0016-768x512.jpg 768w, https:\/\/luxm2.com\/wp-content\/uploads\/2020\/09\/2020-09-15-monastyr-sant-pere-de-rodes_0016-1536x1024.jpg 1536w, https:\/\/luxm2.com\/wp-content\/uploads\/2020\/09\/2020-09-15-monastyr-sant-pere-de-rodes_0016.jpg 1600w\" sizes=\"(max-width: 1024px) 100vw, 1024px\" \/><\/a>La plataforma d&#8217;observaci\u00f3 t\u00e9 vistes al Cap de Creus i al mar. Edificis blancs enmig de la foto &#8211; la ciutat de Port de la Selva.<\/div>\n<div style=\"text-align: center;\">***<\/div>\n<div style=\"text-align: center;\"><\/div>\n<div style=\"text-align: center;\"><a href=\"https:\/\/luxm2.com\/wp-content\/uploads\/2020\/09\/2020-09-15-monastyr-sant-pere-de-rodes_0017.jpg\" target=\"_blank\" rel=\"noopener noreferrer\"><img decoding=\"async\" class=\"aligncenter wp-image-77238 size-large\" src=\"https:\/\/luxm2.com\/wp-content\/uploads\/2020\/09\/2020-09-15-monastyr-sant-pere-de-rodes_0017-1024x683.jpg\" alt=\"\" width=\"1024\" height=\"683\" srcset=\"https:\/\/luxm2.com\/wp-content\/uploads\/2020\/09\/2020-09-15-monastyr-sant-pere-de-rodes_0017-1024x683.jpg 1024w, https:\/\/luxm2.com\/wp-content\/uploads\/2020\/09\/2020-09-15-monastyr-sant-pere-de-rodes_0017-300x200.jpg 300w, https:\/\/luxm2.com\/wp-content\/uploads\/2020\/09\/2020-09-15-monastyr-sant-pere-de-rodes_0017-768x512.jpg 768w, https:\/\/luxm2.com\/wp-content\/uploads\/2020\/09\/2020-09-15-monastyr-sant-pere-de-rodes_0017-1536x1024.jpg 1536w, https:\/\/luxm2.com\/wp-content\/uploads\/2020\/09\/2020-09-15-monastyr-sant-pere-de-rodes_0017.jpg 1600w\" sizes=\"(max-width: 1024px) 100vw, 1024px\" \/><\/a>Una \u00faltima mirada als edificis monumentals, \u00e9s hora de tornar a casa!<\/div>\n<h5 style=\"text-align: center;\">***<\/h5>\n<div style=\"text-align: center;\">\n<div>Podeu trobar una hist\u00f2ria m\u00e9s detallada i m\u00e9s fotos del monestir de Sant Pere de Rodes seguint <a href=\"https:\/\/vladsonm.blogspot.com\/2020\/09\/sant-pere-de-rodes.html\" target=\"_blank\" rel=\"noopener noreferrer\">l&#8217;enlla\u00e7<\/a> del nostre bloc.<\/div>\n<\/div>\n","protected":false},"excerpt":{"rendered":"<p>En el vessant nord del punt a l\u2019est m\u00e9s prominent de la Pen\u00ednsula Ib\u00e8rica, del Cap de Creus, en un lloc amb vistes impressionants al mar Mediterrani, es troba l&#8217;una vegada poder\u00f3s monestir benedict\u00ed de Sant Pere de Rodes. Per cert, aquest lloc es considerat com un dels llocs m\u00e9s visitats d&#8217;Espanya! Els primers monjos, [&hellip;]<\/p>\n","protected":false},"author":1,"featured_media":77159,"comment_status":"closed","ping_status":"closed","sticky":false,"template":"","format":"standard","meta":{"footnotes":""},"categories":[349],"tags":[],"class_list":["post-77248","post","type-post","status-publish","format-standard","has-post-thumbnail","hentry","category-cbinfo-ca"],"acf":[],"yoast_head":"<!-- This site is optimized with the Yoast SEO plugin v27.4 - https:\/\/yoast.com\/product\/yoast-seo-wordpress\/ -->\n<title>M2 Lux - Monestir benedict\u00ed de Sant Pere de Rodes.<\/title>\n<meta name=\"description\" content=\"En el vessant nord de la pintoresca cap de Creus es troba l&#039;imponent i un cop poder\u00f3s monestir benedict\u00ed de Sant Pere de Rodes.\" \/>\n<meta name=\"robots\" content=\"index, follow, max-snippet:-1, max-image-preview:large, max-video-preview:-1\" \/>\n<link rel=\"canonical\" href=\"https:\/\/luxm2.com\/ca\/2020-09-15-monestir-de-sant-pere-de-rodes\/\" \/>\n<meta property=\"og:locale\" content=\"ca_ES\" \/>\n<meta property=\"og:type\" content=\"article\" \/>\n<meta property=\"og:title\" content=\"M2 Lux - Monestir benedict\u00ed de Sant Pere de Rodes.\" \/>\n<meta property=\"og:description\" content=\"En el vessant nord de la pintoresca cap de Creus es troba l&#039;imponent i un cop poder\u00f3s monestir benedict\u00ed de Sant Pere de Rodes.\" \/>\n<meta property=\"og:url\" content=\"https:\/\/luxm2.com\/ca\/2020-09-15-monestir-de-sant-pere-de-rodes\/\" \/>\n<meta property=\"og:site_name\" content=\"M2 Lux\" \/>\n<meta property=\"article:publisher\" content=\"https:\/\/www.facebook.com\/luxm2\/?hc_ref=ARQm5M0UOH26I3A0w4V9JnxdLbywuIk19cmpkoZdQL5sdrhr4Kl4cGjwLW9M9U-wKig&amp;amp%3bamp%3bamp%3bamp%3bamp%3bamp%3bamp%3bamp%3bamp%3bamp%3bamp%3bamp%3bamp%3bamp%3bamp%3bamp%3bamp%3bamp%3bamp%3bamp%3bamp%3bamp%3bamp%3bamp%3bamp%3bamp%3bamp%3bamp%3bamp%3bamp%3bamp%3bamp%3bamp%3bamp%3bamp%3bamp%3bamp%3bamp%3bfref=nf\" \/>\n<meta property=\"article:published_time\" content=\"2020-09-15T11:25:14+00:00\" \/>\n<meta property=\"article:modified_time\" content=\"2020-09-15T12:05:14+00:00\" \/>\n<meta property=\"og:image\" content=\"https:\/\/luxm2.com\/wp-content\/uploads\/2020\/09\/2020-09-15-monastyr-sant-pere-de-rodes_0001.jpg\" \/>\n\t<meta property=\"og:image:width\" content=\"1600\" \/>\n\t<meta property=\"og:image:height\" content=\"1067\" \/>\n\t<meta property=\"og:image:type\" content=\"image\/jpeg\" \/>\n<meta name=\"author\" content=\"admin\" \/>\n<meta name=\"twitter:card\" content=\"summary_large_image\" \/>\n<meta name=\"twitter:label1\" content=\"Escrit per\" \/>\n\t<meta name=\"twitter:data1\" content=\"admin\" \/>\n\t<meta name=\"twitter:label2\" content=\"Temps estimat de lectura\" \/>\n\t<meta name=\"twitter:data2\" content=\"4 minuts\" \/>\n<script type=\"application\/ld+json\" class=\"yoast-schema-graph\">{\"@context\":\"https:\\\/\\\/schema.org\",\"@graph\":[{\"@type\":\"Article\",\"@id\":\"https:\\\/\\\/luxm2.com\\\/ca\\\/2020-09-15-monestir-de-sant-pere-de-rodes\\\/#article\",\"isPartOf\":{\"@id\":\"https:\\\/\\\/luxm2.com\\\/ca\\\/2020-09-15-monestir-de-sant-pere-de-rodes\\\/\"},\"author\":{\"name\":\"admin\",\"@id\":\"https:\\\/\\\/luxm2.com\\\/ca\\\/#\\\/schema\\\/person\\\/a7cbf86e5aa53e28f329a51b0ef2e1ab\"},\"headline\":\"Monestir de Sant Pere de Rodes.\",\"datePublished\":\"2020-09-15T11:25:14+00:00\",\"dateModified\":\"2020-09-15T12:05:14+00:00\",\"mainEntityOfPage\":{\"@id\":\"https:\\\/\\\/luxm2.com\\\/ca\\\/2020-09-15-monestir-de-sant-pere-de-rodes\\\/\"},\"wordCount\":916,\"publisher\":{\"@id\":\"https:\\\/\\\/luxm2.com\\\/ca\\\/#organization\"},\"image\":{\"@id\":\"https:\\\/\\\/luxm2.com\\\/ca\\\/2020-09-15-monestir-de-sant-pere-de-rodes\\\/#primaryimage\"},\"thumbnailUrl\":\"https:\\\/\\\/luxm2.com\\\/wp-content\\\/uploads\\\/2020\\\/09\\\/2020-09-15-monastyr-sant-pere-de-rodes_0001.jpg\",\"articleSection\":[\"Punts d&#039;inter\u00e8s\"],\"inLanguage\":\"ca\"},{\"@type\":\"WebPage\",\"@id\":\"https:\\\/\\\/luxm2.com\\\/ca\\\/2020-09-15-monestir-de-sant-pere-de-rodes\\\/\",\"url\":\"https:\\\/\\\/luxm2.com\\\/ca\\\/2020-09-15-monestir-de-sant-pere-de-rodes\\\/\",\"name\":\"M2 Lux - Monestir benedict\u00ed de Sant Pere de Rodes.\",\"isPartOf\":{\"@id\":\"https:\\\/\\\/luxm2.com\\\/ca\\\/#website\"},\"primaryImageOfPage\":{\"@id\":\"https:\\\/\\\/luxm2.com\\\/ca\\\/2020-09-15-monestir-de-sant-pere-de-rodes\\\/#primaryimage\"},\"image\":{\"@id\":\"https:\\\/\\\/luxm2.com\\\/ca\\\/2020-09-15-monestir-de-sant-pere-de-rodes\\\/#primaryimage\"},\"thumbnailUrl\":\"https:\\\/\\\/luxm2.com\\\/wp-content\\\/uploads\\\/2020\\\/09\\\/2020-09-15-monastyr-sant-pere-de-rodes_0001.jpg\",\"datePublished\":\"2020-09-15T11:25:14+00:00\",\"dateModified\":\"2020-09-15T12:05:14+00:00\",\"description\":\"En el vessant nord de la pintoresca cap de Creus es troba l'imponent i un cop poder\u00f3s monestir benedict\u00ed de Sant Pere de Rodes.\",\"breadcrumb\":{\"@id\":\"https:\\\/\\\/luxm2.com\\\/ca\\\/2020-09-15-monestir-de-sant-pere-de-rodes\\\/#breadcrumb\"},\"inLanguage\":\"ca\",\"potentialAction\":[{\"@type\":\"ReadAction\",\"target\":[\"https:\\\/\\\/luxm2.com\\\/ca\\\/2020-09-15-monestir-de-sant-pere-de-rodes\\\/\"]}]},{\"@type\":\"ImageObject\",\"inLanguage\":\"ca\",\"@id\":\"https:\\\/\\\/luxm2.com\\\/ca\\\/2020-09-15-monestir-de-sant-pere-de-rodes\\\/#primaryimage\",\"url\":\"https:\\\/\\\/luxm2.com\\\/wp-content\\\/uploads\\\/2020\\\/09\\\/2020-09-15-monastyr-sant-pere-de-rodes_0001.jpg\",\"contentUrl\":\"https:\\\/\\\/luxm2.com\\\/wp-content\\\/uploads\\\/2020\\\/09\\\/2020-09-15-monastyr-sant-pere-de-rodes_0001.jpg\",\"width\":1600,\"height\":1067,\"caption\":\"\u041c\u043e\u043d\u0430\u0441\u0442\u044b\u0440\u044c Sant Pere de Rodes\"},{\"@type\":\"BreadcrumbList\",\"@id\":\"https:\\\/\\\/luxm2.com\\\/ca\\\/2020-09-15-monestir-de-sant-pere-de-rodes\\\/#breadcrumb\",\"itemListElement\":[{\"@type\":\"ListItem\",\"position\":1,\"name\":\"Home\",\"item\":\"https:\\\/\\\/luxm2.com\\\/ca\\\/\"},{\"@type\":\"ListItem\",\"position\":2,\"name\":\"Punts d&#039;inter\u00e8s\",\"item\":\"https:\\\/\\\/luxm2.com\\\/ca\\\/category\\\/cbinfo-ca\\\/\"},{\"@type\":\"ListItem\",\"position\":3,\"name\":\"Monestir de Sant Pere de Rodes.\"}]},{\"@type\":\"WebSite\",\"@id\":\"https:\\\/\\\/luxm2.com\\\/ca\\\/#website\",\"url\":\"https:\\\/\\\/luxm2.com\\\/ca\\\/\",\"name\":\"M2 Lux\",\"description\":\"M2 Lux Real Estate Agency\",\"publisher\":{\"@id\":\"https:\\\/\\\/luxm2.com\\\/ca\\\/#organization\"},\"potentialAction\":[{\"@type\":\"SearchAction\",\"target\":{\"@type\":\"EntryPoint\",\"urlTemplate\":\"https:\\\/\\\/luxm2.com\\\/ca\\\/?s={search_term_string}\"},\"query-input\":{\"@type\":\"PropertyValueSpecification\",\"valueRequired\":true,\"valueName\":\"search_term_string\"}}],\"inLanguage\":\"ca\"},{\"@type\":\"Organization\",\"@id\":\"https:\\\/\\\/luxm2.com\\\/ca\\\/#organization\",\"name\":\"Brokerage & Consulting M2 Lux S.L.\",\"url\":\"https:\\\/\\\/luxm2.com\\\/ca\\\/\",\"logo\":{\"@type\":\"ImageObject\",\"inLanguage\":\"ca\",\"@id\":\"https:\\\/\\\/luxm2.com\\\/ca\\\/#\\\/schema\\\/logo\\\/image\\\/\",\"url\":\"https:\\\/\\\/luxm2.com\\\/wp-content\\\/uploads\\\/2017\\\/08\\\/LUX-M2-without-border-500.jpg\",\"contentUrl\":\"https:\\\/\\\/luxm2.com\\\/wp-content\\\/uploads\\\/2017\\\/08\\\/LUX-M2-without-border-500.jpg\",\"width\":500,\"height\":500,\"caption\":\"Brokerage & Consulting M2 Lux S.L.\"},\"image\":{\"@id\":\"https:\\\/\\\/luxm2.com\\\/ca\\\/#\\\/schema\\\/logo\\\/image\\\/\"},\"sameAs\":[\"https:\\\/\\\/www.facebook.com\\\/luxm2\\\/?hc_ref=ARQm5M0UOH26I3A0w4V9JnxdLbywuIk19cmpkoZdQL5sdrhr4Kl4cGjwLW9M9U-wKig&amp;amp;amp;amp;amp;amp;amp;amp;amp;amp;amp;amp;amp;amp;amp;amp;amp;amp;amp;amp;amp;amp;amp;amp;amp;amp;amp;amp;amp;amp;amp;amp;amp;amp;amp;amp;amp;amp;fref=nf\",\"https:\\\/\\\/www.instagram.com\\\/m2luxspain\\\/\",\"https:\\\/\\\/www.pinterest.es\\\/m2luximmo\\\/\"]},{\"@type\":\"Person\",\"@id\":\"https:\\\/\\\/luxm2.com\\\/ca\\\/#\\\/schema\\\/person\\\/a7cbf86e5aa53e28f329a51b0ef2e1ab\",\"name\":\"admin\",\"image\":{\"@type\":\"ImageObject\",\"inLanguage\":\"ca\",\"@id\":\"https:\\\/\\\/luxm2.com\\\/wp-content\\\/litespeed\\\/avatar\\\/c926f74982654e1c0506c827b8316352.jpg?ver=1777233247\",\"url\":\"https:\\\/\\\/luxm2.com\\\/wp-content\\\/litespeed\\\/avatar\\\/c926f74982654e1c0506c827b8316352.jpg?ver=1777233247\",\"contentUrl\":\"https:\\\/\\\/luxm2.com\\\/wp-content\\\/litespeed\\\/avatar\\\/c926f74982654e1c0506c827b8316352.jpg?ver=1777233247\",\"caption\":\"admin\"}}]}<\/script>\n<!-- \/ Yoast SEO plugin. -->","yoast_head_json":{"title":"M2 Lux - Monestir benedict\u00ed de Sant Pere de Rodes.","description":"En el vessant nord de la pintoresca cap de Creus es troba l'imponent i un cop poder\u00f3s monestir benedict\u00ed de Sant Pere de Rodes.","robots":{"index":"index","follow":"follow","max-snippet":"max-snippet:-1","max-image-preview":"max-image-preview:large","max-video-preview":"max-video-preview:-1"},"canonical":"https:\/\/luxm2.com\/ca\/2020-09-15-monestir-de-sant-pere-de-rodes\/","og_locale":"ca_ES","og_type":"article","og_title":"M2 Lux - Monestir benedict\u00ed de Sant Pere de Rodes.","og_description":"En el vessant nord de la pintoresca cap de Creus es troba l'imponent i un cop poder\u00f3s monestir benedict\u00ed de Sant Pere de Rodes.","og_url":"https:\/\/luxm2.com\/ca\/2020-09-15-monestir-de-sant-pere-de-rodes\/","og_site_name":"M2 Lux","article_publisher":"https:\/\/www.facebook.com\/luxm2\/?hc_ref=ARQm5M0UOH26I3A0w4V9JnxdLbywuIk19cmpkoZdQL5sdrhr4Kl4cGjwLW9M9U-wKig&amp%3bamp%3bamp%3bamp%3bamp%3bamp%3bamp%3bamp%3bamp%3bamp%3bamp%3bamp%3bamp%3bamp%3bamp%3bamp%3bamp%3bamp%3bamp%3bamp%3bamp%3bamp%3bamp%3bamp%3bamp%3bamp%3bamp%3bamp%3bamp%3bamp%3bamp%3bamp%3bamp%3bamp%3bamp%3bamp%3bamp%3bamp%3bfref=nf","article_published_time":"2020-09-15T11:25:14+00:00","article_modified_time":"2020-09-15T12:05:14+00:00","og_image":[{"width":1600,"height":1067,"url":"https:\/\/luxm2.com\/wp-content\/uploads\/2020\/09\/2020-09-15-monastyr-sant-pere-de-rodes_0001.jpg","type":"image\/jpeg"}],"author":"admin","twitter_card":"summary_large_image","twitter_misc":{"Escrit per":"admin","Temps estimat de lectura":"4 minuts"},"schema":{"@context":"https:\/\/schema.org","@graph":[{"@type":"Article","@id":"https:\/\/luxm2.com\/ca\/2020-09-15-monestir-de-sant-pere-de-rodes\/#article","isPartOf":{"@id":"https:\/\/luxm2.com\/ca\/2020-09-15-monestir-de-sant-pere-de-rodes\/"},"author":{"name":"admin","@id":"https:\/\/luxm2.com\/ca\/#\/schema\/person\/a7cbf86e5aa53e28f329a51b0ef2e1ab"},"headline":"Monestir de Sant Pere de Rodes.","datePublished":"2020-09-15T11:25:14+00:00","dateModified":"2020-09-15T12:05:14+00:00","mainEntityOfPage":{"@id":"https:\/\/luxm2.com\/ca\/2020-09-15-monestir-de-sant-pere-de-rodes\/"},"wordCount":916,"publisher":{"@id":"https:\/\/luxm2.com\/ca\/#organization"},"image":{"@id":"https:\/\/luxm2.com\/ca\/2020-09-15-monestir-de-sant-pere-de-rodes\/#primaryimage"},"thumbnailUrl":"https:\/\/luxm2.com\/wp-content\/uploads\/2020\/09\/2020-09-15-monastyr-sant-pere-de-rodes_0001.jpg","articleSection":["Punts d&#039;inter\u00e8s"],"inLanguage":"ca"},{"@type":"WebPage","@id":"https:\/\/luxm2.com\/ca\/2020-09-15-monestir-de-sant-pere-de-rodes\/","url":"https:\/\/luxm2.com\/ca\/2020-09-15-monestir-de-sant-pere-de-rodes\/","name":"M2 Lux - Monestir benedict\u00ed de Sant Pere de Rodes.","isPartOf":{"@id":"https:\/\/luxm2.com\/ca\/#website"},"primaryImageOfPage":{"@id":"https:\/\/luxm2.com\/ca\/2020-09-15-monestir-de-sant-pere-de-rodes\/#primaryimage"},"image":{"@id":"https:\/\/luxm2.com\/ca\/2020-09-15-monestir-de-sant-pere-de-rodes\/#primaryimage"},"thumbnailUrl":"https:\/\/luxm2.com\/wp-content\/uploads\/2020\/09\/2020-09-15-monastyr-sant-pere-de-rodes_0001.jpg","datePublished":"2020-09-15T11:25:14+00:00","dateModified":"2020-09-15T12:05:14+00:00","description":"En el vessant nord de la pintoresca cap de Creus es troba l'imponent i un cop poder\u00f3s monestir benedict\u00ed de Sant Pere de Rodes.","breadcrumb":{"@id":"https:\/\/luxm2.com\/ca\/2020-09-15-monestir-de-sant-pere-de-rodes\/#breadcrumb"},"inLanguage":"ca","potentialAction":[{"@type":"ReadAction","target":["https:\/\/luxm2.com\/ca\/2020-09-15-monestir-de-sant-pere-de-rodes\/"]}]},{"@type":"ImageObject","inLanguage":"ca","@id":"https:\/\/luxm2.com\/ca\/2020-09-15-monestir-de-sant-pere-de-rodes\/#primaryimage","url":"https:\/\/luxm2.com\/wp-content\/uploads\/2020\/09\/2020-09-15-monastyr-sant-pere-de-rodes_0001.jpg","contentUrl":"https:\/\/luxm2.com\/wp-content\/uploads\/2020\/09\/2020-09-15-monastyr-sant-pere-de-rodes_0001.jpg","width":1600,"height":1067,"caption":"\u041c\u043e\u043d\u0430\u0441\u0442\u044b\u0440\u044c Sant Pere de Rodes"},{"@type":"BreadcrumbList","@id":"https:\/\/luxm2.com\/ca\/2020-09-15-monestir-de-sant-pere-de-rodes\/#breadcrumb","itemListElement":[{"@type":"ListItem","position":1,"name":"Home","item":"https:\/\/luxm2.com\/ca\/"},{"@type":"ListItem","position":2,"name":"Punts d&#039;inter\u00e8s","item":"https:\/\/luxm2.com\/ca\/category\/cbinfo-ca\/"},{"@type":"ListItem","position":3,"name":"Monestir de Sant Pere de Rodes."}]},{"@type":"WebSite","@id":"https:\/\/luxm2.com\/ca\/#website","url":"https:\/\/luxm2.com\/ca\/","name":"M2 Lux","description":"M2 Lux Real Estate Agency","publisher":{"@id":"https:\/\/luxm2.com\/ca\/#organization"},"potentialAction":[{"@type":"SearchAction","target":{"@type":"EntryPoint","urlTemplate":"https:\/\/luxm2.com\/ca\/?s={search_term_string}"},"query-input":{"@type":"PropertyValueSpecification","valueRequired":true,"valueName":"search_term_string"}}],"inLanguage":"ca"},{"@type":"Organization","@id":"https:\/\/luxm2.com\/ca\/#organization","name":"Brokerage & Consulting M2 Lux S.L.","url":"https:\/\/luxm2.com\/ca\/","logo":{"@type":"ImageObject","inLanguage":"ca","@id":"https:\/\/luxm2.com\/ca\/#\/schema\/logo\/image\/","url":"https:\/\/luxm2.com\/wp-content\/uploads\/2017\/08\/LUX-M2-without-border-500.jpg","contentUrl":"https:\/\/luxm2.com\/wp-content\/uploads\/2017\/08\/LUX-M2-without-border-500.jpg","width":500,"height":500,"caption":"Brokerage & Consulting M2 Lux S.L."},"image":{"@id":"https:\/\/luxm2.com\/ca\/#\/schema\/logo\/image\/"},"sameAs":["https:\/\/www.facebook.com\/luxm2\/?hc_ref=ARQm5M0UOH26I3A0w4V9JnxdLbywuIk19cmpkoZdQL5sdrhr4Kl4cGjwLW9M9U-wKig&amp;amp;amp;amp;amp;amp;amp;amp;amp;amp;amp;amp;amp;amp;amp;amp;amp;amp;amp;amp;amp;amp;amp;amp;amp;amp;amp;amp;amp;amp;amp;amp;amp;amp;amp;amp;amp;amp;fref=nf","https:\/\/www.instagram.com\/m2luxspain\/","https:\/\/www.pinterest.es\/m2luximmo\/"]},{"@type":"Person","@id":"https:\/\/luxm2.com\/ca\/#\/schema\/person\/a7cbf86e5aa53e28f329a51b0ef2e1ab","name":"admin","image":{"@type":"ImageObject","inLanguage":"ca","@id":"https:\/\/luxm2.com\/wp-content\/litespeed\/avatar\/c926f74982654e1c0506c827b8316352.jpg?ver=1777233247","url":"https:\/\/luxm2.com\/wp-content\/litespeed\/avatar\/c926f74982654e1c0506c827b8316352.jpg?ver=1777233247","contentUrl":"https:\/\/luxm2.com\/wp-content\/litespeed\/avatar\/c926f74982654e1c0506c827b8316352.jpg?ver=1777233247","caption":"admin"}}]}},"_links":{"self":[{"href":"https:\/\/luxm2.com\/ca\/wp-json\/wp\/v2\/posts\/77248","targetHints":{"allow":["GET"]}}],"collection":[{"href":"https:\/\/luxm2.com\/ca\/wp-json\/wp\/v2\/posts"}],"about":[{"href":"https:\/\/luxm2.com\/ca\/wp-json\/wp\/v2\/types\/post"}],"author":[{"embeddable":true,"href":"https:\/\/luxm2.com\/ca\/wp-json\/wp\/v2\/users\/1"}],"replies":[{"embeddable":true,"href":"https:\/\/luxm2.com\/ca\/wp-json\/wp\/v2\/comments?post=77248"}],"version-history":[{"count":0,"href":"https:\/\/luxm2.com\/ca\/wp-json\/wp\/v2\/posts\/77248\/revisions"}],"wp:featuredmedia":[{"embeddable":true,"href":"https:\/\/luxm2.com\/ca\/wp-json\/wp\/v2\/media\/77159"}],"wp:attachment":[{"href":"https:\/\/luxm2.com\/ca\/wp-json\/wp\/v2\/media?parent=77248"}],"wp:term":[{"taxonomy":"category","embeddable":true,"href":"https:\/\/luxm2.com\/ca\/wp-json\/wp\/v2\/categories?post=77248"},{"taxonomy":"post_tag","embeddable":true,"href":"https:\/\/luxm2.com\/ca\/wp-json\/wp\/v2\/tags?post=77248"}],"curies":[{"name":"wp","href":"https:\/\/api.w.org\/{rel}","templated":true}]}}